{"id":3167,"date":"2022-09-27T16:10:34","date_gmt":"2022-09-27T19:10:34","guid":{"rendered":"https:\/\/jm-metropole.com.br\/site\/?p=3167"},"modified":"2022-09-27T16:10:34","modified_gmt":"2022-09-27T19:10:34","slug":"estacao-literaria-de-guararema-completa-10-anos-de-historia","status":"publish","type":"post","link":"https:\/\/jm-metropole.com.br\/site\/estacao-literaria-de-guararema-completa-10-anos-de-historia\/","title":{"rendered":"Esta\u00e7\u00e3o Liter\u00e1ria de Guararema completa 10 anos de hist\u00f3ria"},"content":{"rendered":"<p>Em celebra\u00e7\u00e3o ao anivers\u00e1rio, Esta\u00e7\u00e3o Liter\u00e1ria vai receber programa\u00e7\u00e3o especial neste s\u00e1bado (24)<\/p>\n<p>A Esta\u00e7\u00e3o Liter\u00e1ria Prof\u00aa Maria de Lourdes \u00c9vora Camargo completa nesta sexta-feira (23) 10 anos de hist\u00f3ria, repleta de atividades e momentos importantes para o munic\u00edpio.<br \/>\nInaugurada em 2012, como uma vitrine cultural delimitada por vidros, o espa\u00e7o transparece ao entorno as possibilidades de conviv\u00eancia, estudo, pesquisa e entretenimento.<\/p>\n<p>Idealizada para integrar pessoas e livros, o espa\u00e7o da Esta\u00e7\u00e3o Liter\u00e1ria prop\u00f5e total mobilidade e acessibilidade. Inexistem paredes nos pisos superior e t\u00e9rreo, como forma de cultivar a ideia de sociabilidade e integra\u00e7\u00e3o.<\/p>\n<p>Planejada para desenvolver a autonomia, acervo e equipamentos est\u00e3o dispostos de modo a incentivar sua consulta e uso. Pensada para fomentar o h\u00e1bito da leitura, Dvds, cds, jogos e brinquedos visam despertar no usu\u00e1rio comum o leitor fiel, por vezes adormecido.<br \/>\nPromotora da diversidade, foi idealizada para acolher todos os p\u00fablicos. Idade, origem, nacionalidade, condi\u00e7\u00f5es f\u00edsica ou intelectual n\u00e3o s\u00e3o barreiras.<\/p>\n<p>\u201cA Esta\u00e7\u00e3o Liter\u00e1ria \u00e9 um grande orgulho para Guararema, por conta de todas as atividades que foram e s\u00e3o desempenhadas neste importante espa\u00e7o de cultura, informa\u00e7\u00e3o, leitura e integra\u00e7\u00e3o\u201d, pontua o prefeito Z\u00e9. \u201cCelebrar os 10 anos deste equipamento no m\u00eas de anivers\u00e1rio de Guararema \u00e9 ainda mais especial e simbolicamente ressalta a import\u00e2ncia da Esta\u00e7\u00e3o Liter\u00e1ria para nossa cidade\u201d, completa.<\/p>\n<p>Localizada no Centro de Guararema, a Esta\u00e7\u00e3o Liter\u00e1ria Prof\u00aa Maria de Lourdes \u00c9vora Camargo \u00e9 mais que uma biblioteca. \u00c9 um ponto de parada obrigat\u00f3ria \u00e0queles que pretendem conectar-se \u00e0 informa\u00e7\u00e3o.<\/p>\n<p>Programa\u00e7\u00e3o Especial de Anivers\u00e1rio<br \/>\nPor conta de seu anivers\u00e1rio de 10 anos de funcionamento, a Esta\u00e7\u00e3o Liter\u00e1ria recebe diversas atra\u00e7\u00f5es no s\u00e1bado (24).<\/p>\n<p>Vai ter Sess\u00e3o de Cinema Ponto MIS com o filme Encantada (anima\u00e7\u00e3o\/livre), a partir das 10 horas; Conta\u00e7\u00e3o de Hist\u00f3rias: Hist\u00f3rias de Encantamento de Povos Ind\u00edgenas com Valdeck de Garanhuns, \u00e0s 14 horas; Noite de Aut\u00f3grafos do livro Da Velha Guararema Cr\u00f4nicas do V\u00e9io, com Oswaldo Hardt, \u00e0s 19 horas; e Espet\u00e1culo Outras Esta\u00e7\u00f5es e Celebra\u00e7\u00e3o do Anivers\u00e1rio de 10 anos da Esta\u00e7\u00e3o Liter\u00e1ria, com Lu\u00edza e Alo\u00edsio\/2 Girass\u00f3is, a partir das 20 horas.<\/p>\n","protected":false},"excerpt":{"rendered":"<p>Em celebra\u00e7\u00e3o ao anivers\u00e1rio, Esta\u00e7\u00e3o Liter\u00e1ria vai receber programa\u00e7\u00e3o especial neste s\u00e1bado (24) A Esta\u00e7\u00e3o Liter\u00e1ria Prof\u00aa Maria de Lourdes \u00c9vora Camargo completa nesta sexta-feira (23) 10 anos de hist\u00f3ria, repleta de atividades e momentos importantes para o munic\u00edpio. Inaugurada em 2012, como uma vitrine cultural delimitada por vidros, o espa\u00e7o transparece ao entorno as [&hellip;]<\/p>\n","protected":false},"author":1,"featured_media":3168,"comment_status":"open","ping_status":"open","sticky":false,"template":"","format":"standard","meta":{"footnotes":""},"categories":[8],"tags":[],"class_list":{"0":"post-3167","1":"post","2":"type-post","3":"status-publish","4":"format-standard","5":"has-post-thumbnail","7":"category-guararema"},"_links":{"self":[{"href":"https:\/\/jm-metropole.com.br\/site\/wp-json\/wp\/v2\/posts\/3167","targetHints":{"allow":["GET"]}}],"collection":[{"href":"https:\/\/jm-metropole.com.br\/site\/wp-json\/wp\/v2\/posts"}],"about":[{"href":"https:\/\/jm-metropole.com.br\/site\/wp-json\/wp\/v2\/types\/post"}],"author":[{"embeddable":true,"href":"https:\/\/jm-metropole.com.br\/site\/wp-json\/wp\/v2\/users\/1"}],"replies":[{"embeddable":true,"href":"https:\/\/jm-metropole.com.br\/site\/wp-json\/wp\/v2\/comments?post=3167"}],"version-history":[{"count":1,"href":"https:\/\/jm-metropole.com.br\/site\/wp-json\/wp\/v2\/posts\/3167\/revisions"}],"predecessor-version":[{"id":3169,"href":"https:\/\/jm-metropole.com.br\/site\/wp-json\/wp\/v2\/posts\/3167\/revisions\/3169"}],"wp:featuredmedia":[{"embeddable":true,"href":"https:\/\/jm-metropole.com.br\/site\/wp-json\/wp\/v2\/media\/3168"}],"wp:attachment":[{"href":"https:\/\/jm-metropole.com.br\/site\/wp-json\/wp\/v2\/media?parent=3167"}],"wp:term":[{"taxonomy":"category","embeddable":true,"href":"https:\/\/jm-metropole.com.br\/site\/wp-json\/wp\/v2\/categories?post=3167"},{"taxonomy":"post_tag","embeddable":true,"href":"https:\/\/jm-metropole.com.br\/site\/wp-json\/wp\/v2\/tags?post=3167"}],"curies":[{"name":"wp","href":"https:\/\/api.w.org\/{rel}","templated":true}]}}