{"id":3139,"date":"2022-09-26T17:37:07","date_gmt":"2022-09-26T20:37:07","guid":{"rendered":"https:\/\/jm-metropole.com.br\/site\/?p=3139"},"modified":"2022-09-26T17:37:07","modified_gmt":"2022-09-26T20:37:07","slug":"jovem-invade-escola-armado-e-mata-aluna-cadeirante-de-19-anos","status":"publish","type":"post","link":"https:\/\/jm-metropole.com.br\/site\/jovem-invade-escola-armado-e-mata-aluna-cadeirante-de-19-anos\/","title":{"rendered":"Jovem invade escola armado e mata aluna cadeirante de 19 anos."},"content":{"rendered":"<p>Na manh\u00e3 desta segunda-feira (26),<br \/>\num jovem armado invadiu uma escola municipal na citdade de Barreiras-BA e matou uma jovem cadeirante, identificada como Geane da Silva Barros.<\/p>\n<p>Segundo informa\u00e7\u00f5es, o jovem teria invadido a escola com uma arma de fogo e um fac\u00e3o, e atirou contra os alunos. N\u00e3o h\u00e1 informa\u00e7\u00f5es sobre a motiva\u00e7\u00e3o do crime.<\/p>\n<p>Ainda segundo informa\u00e7\u00f5es, ap\u00f3s o ato, o atirador teria sido baleado por agentes da for\u00e7a policial e levado pelo Servi\u00e7o de Atendimento M\u00f3vel de Urg\u00eancia (Samu) para o Hospital Geral do Oeste.<\/p>\n<p>Ainda n\u00e3o h\u00e1 detalhes sobre o estado de sa\u00fade do agressor.<br \/>\nUm dos estudantes, que estava no col\u00e9gio na hora, descreveu a a\u00e7\u00e3o:<br \/>\n&#8220;O menino entrou na escola vestido de preto, deu um tiro na porta, l\u00e1 dentro [do col\u00e9gio] deu outro tiro. Os meninos [alunos] correram para a quadra, mas o instrutor mandou sair e ir para o fundo da escola, a\u00ed todo mundo arrodeou e conseguiu sair do col\u00e9gio&#8221;, relatou o aluno.<\/p>\n<p>De acordo com informa\u00e7\u00f5es da m\u00eddia local, o atirador estava matriculado no col\u00e9gio, mas n\u00e3o frequentava as aulas h\u00e1 algum tempo.<br \/>\nN\u00e3o h\u00e1 informa\u00e7\u00f5es sobre a motiva\u00e7\u00e3o do crime que ser\u00e1 investigado pela pol\u00edcia local.<\/p>\n","protected":false},"excerpt":{"rendered":"<p>Na manh\u00e3 desta segunda-feira (26), um jovem armado invadiu uma escola municipal na citdade de Barreiras-BA e matou uma jovem cadeirante, identificada como Geane da Silva Barros. Segundo informa\u00e7\u00f5es, o jovem teria invadido a escola com uma arma de fogo e um fac\u00e3o, e atirou contra os alunos. N\u00e3o h\u00e1 informa\u00e7\u00f5es sobre a motiva\u00e7\u00e3o do [&hellip;]<\/p>\n","protected":false},"author":1,"featured_media":3140,"comment_status":"open","ping_status":"open","sticky":false,"template":"","format":"standard","meta":{"footnotes":""},"categories":[1],"tags":[],"class_list":{"0":"post-3139","1":"post","2":"type-post","3":"status-publish","4":"format-standard","5":"has-post-thumbnail","7":"category-tudo"},"_links":{"self":[{"href":"https:\/\/jm-metropole.com.br\/site\/wp-json\/wp\/v2\/posts\/3139","targetHints":{"allow":["GET"]}}],"collection":[{"href":"https:\/\/jm-metropole.com.br\/site\/wp-json\/wp\/v2\/posts"}],"about":[{"href":"https:\/\/jm-metropole.com.br\/site\/wp-json\/wp\/v2\/types\/post"}],"author":[{"embeddable":true,"href":"https:\/\/jm-metropole.com.br\/site\/wp-json\/wp\/v2\/users\/1"}],"replies":[{"embeddable":true,"href":"https:\/\/jm-metropole.com.br\/site\/wp-json\/wp\/v2\/comments?post=3139"}],"version-history":[{"count":1,"href":"https:\/\/jm-metropole.com.br\/site\/wp-json\/wp\/v2\/posts\/3139\/revisions"}],"predecessor-version":[{"id":3141,"href":"https:\/\/jm-metropole.com.br\/site\/wp-json\/wp\/v2\/posts\/3139\/revisions\/3141"}],"wp:featuredmedia":[{"embeddable":true,"href":"https:\/\/jm-metropole.com.br\/site\/wp-json\/wp\/v2\/media\/3140"}],"wp:attachment":[{"href":"https:\/\/jm-metropole.com.br\/site\/wp-json\/wp\/v2\/media?parent=3139"}],"wp:term":[{"taxonomy":"category","embeddable":true,"href":"https:\/\/jm-metropole.com.br\/site\/wp-json\/wp\/v2\/categories?post=3139"},{"taxonomy":"post_tag","embeddable":true,"href":"https:\/\/jm-metropole.com.br\/site\/wp-json\/wp\/v2\/tags?post=3139"}],"curies":[{"name":"wp","href":"https:\/\/api.w.org\/{rel}","templated":true}]}}