{"id":30453,"date":"2026-04-30T16:47:18","date_gmt":"2026-04-30T19:47:18","guid":{"rendered":"https:\/\/jm-metropole.com.br\/site\/?p=30453"},"modified":"2026-04-30T16:47:18","modified_gmt":"2026-04-30T19:47:18","slug":"luta-contra-feminicidio-ganhara-data-especial-em-aruja","status":"publish","type":"post","link":"https:\/\/jm-metropole.com.br\/site\/luta-contra-feminicidio-ganhara-data-especial-em-aruja\/","title":{"rendered":"LUTA CONTRA FEMINIC\u00cdDIO GANHAR\u00c1 DATA ESPECIAL EM ARUJA"},"content":{"rendered":"<p style=\"text-align: justify;\" data-path-to-node=\"1\">A C\u00e2mara Municipal de Aruja aprovou, na \u00faltima segunda-feira (27\/04), o projeto de lei que institui o Dia Municipal da Luta contra o Feminic\u00eddio. A data ser\u00e1 celebrada anualmente em 25 de novembro, em conson\u00e2ncia com o dia internacional voltado \u00e0 elimina\u00e7\u00e3o da viol\u00eancia contra a mulher. A iniciativa tem como objetivos homenagear as v\u00edtimas, promover a conscientiza\u00e7\u00e3o da sociedade e fortalecer as pol\u00edticas p\u00fablicas de preven\u00e7\u00e3o e apoio \u00e0s mulheres em situa\u00e7\u00e3o de risco no munic\u00edpio.<\/p>\n<p style=\"text-align: justify;\" data-path-to-node=\"2\">Al\u00e9m da pauta sobre o feminic\u00eddio, os vereadores aprovaram diretrizes voltadas \u00e0 sa\u00fade p\u00fablica. Entre as propostas validadas est\u00e3o medidas para a aten\u00e7\u00e3o a pacientes com obesidade e diabetes tipo 2, al\u00e9m do monitoramento da glicemia em crian\u00e7as diagnosticadas com diabetes tipo 1. Os projetos visam ampliar a assist\u00eancia e o acompanhamento desses pacientes na rede municipal.<\/p>\n<p style=\"text-align: justify;\" data-path-to-node=\"3\">A sess\u00e3o tamb\u00e9m marcou a aprova\u00e7\u00e3o da Pol\u00edtica Municipal de Reconhecimento do Patrim\u00f4nio Hist\u00f3rico e Cultural. O projeto estabelece normas para identificar, preservar e valorizar bens materiais e imateriais da cidade, garantindo a prote\u00e7\u00e3o da mem\u00f3ria e da identidade local para as futuras gera\u00e7\u00f5es. Outro destaque foi a cria\u00e7\u00e3o do Dia da Imprensa Arujaense, que reconhece o papel dos profissionais de comunica\u00e7\u00e3o no fortalecimento da transpar\u00eancia p\u00fablica.<\/p>\n<p style=\"text-align: justify;\" data-path-to-node=\"4\">Durante os trabalhos legislativos, tamb\u00e9m foram apresentadas diversas indica\u00e7\u00f5es voltadas \u00e0 zeladoria urbana, seguran\u00e7a e ilumina\u00e7\u00e3o p\u00fablica, atendendo a demandas enviadas por moradores de diferentes bairros. O conte\u00fado completo das discuss\u00f5es e vota\u00e7\u00f5es pode ser acompanhado pelo canal oficial da C\u00e2mara Municipal no YouTube.<\/p>\n","protected":false},"excerpt":{"rendered":"<p>A C\u00e2mara Municipal de Aruja aprovou, na \u00faltima segunda-feira (27\/04), o projeto de lei que institui o Dia Municipal da Luta contra o Feminic\u00eddio. A data ser\u00e1 celebrada anualmente em 25 de novembro, em conson\u00e2ncia com o dia internacional voltado \u00e0 elimina\u00e7\u00e3o da viol\u00eancia contra a mulher. A iniciativa tem como objetivos homenagear as v\u00edtimas, [&hellip;]<\/p>\n","protected":false},"author":1,"featured_media":30382,"comment_status":"open","ping_status":"open","sticky":false,"template":"","format":"standard","meta":{"footnotes":""},"categories":[4],"tags":[],"class_list":{"0":"post-30453","1":"post","2":"type-post","3":"status-publish","4":"format-standard","5":"has-post-thumbnail","7":"category-aruja"},"_links":{"self":[{"href":"https:\/\/jm-metropole.com.br\/site\/wp-json\/wp\/v2\/posts\/30453","targetHints":{"allow":["GET"]}}],"collection":[{"href":"https:\/\/jm-metropole.com.br\/site\/wp-json\/wp\/v2\/posts"}],"about":[{"href":"https:\/\/jm-metropole.com.br\/site\/wp-json\/wp\/v2\/types\/post"}],"author":[{"embeddable":true,"href":"https:\/\/jm-metropole.com.br\/site\/wp-json\/wp\/v2\/users\/1"}],"replies":[{"embeddable":true,"href":"https:\/\/jm-metropole.com.br\/site\/wp-json\/wp\/v2\/comments?post=30453"}],"version-history":[{"count":1,"href":"https:\/\/jm-metropole.com.br\/site\/wp-json\/wp\/v2\/posts\/30453\/revisions"}],"predecessor-version":[{"id":30454,"href":"https:\/\/jm-metropole.com.br\/site\/wp-json\/wp\/v2\/posts\/30453\/revisions\/30454"}],"wp:featuredmedia":[{"embeddable":true,"href":"https:\/\/jm-metropole.com.br\/site\/wp-json\/wp\/v2\/media\/30382"}],"wp:attachment":[{"href":"https:\/\/jm-metropole.com.br\/site\/wp-json\/wp\/v2\/media?parent=30453"}],"wp:term":[{"taxonomy":"category","embeddable":true,"href":"https:\/\/jm-metropole.com.br\/site\/wp-json\/wp\/v2\/categories?post=30453"},{"taxonomy":"post_tag","embeddable":true,"href":"https:\/\/jm-metropole.com.br\/site\/wp-json\/wp\/v2\/tags?post=30453"}],"curies":[{"name":"wp","href":"https:\/\/api.w.org\/{rel}","templated":true}]}}