{"id":30451,"date":"2026-04-30T16:45:34","date_gmt":"2026-04-30T19:45:34","guid":{"rendered":"https:\/\/jm-metropole.com.br\/site\/?p=30451"},"modified":"2026-04-30T16:45:34","modified_gmt":"2026-04-30T19:45:34","slug":"circuito-sesc-transforma-itaqua-em-palco-cultural-e-reune-15-mil-pessoas","status":"publish","type":"post","link":"https:\/\/jm-metropole.com.br\/site\/circuito-sesc-transforma-itaqua-em-palco-cultural-e-reune-15-mil-pessoas\/","title":{"rendered":"CIRCUITO SESC TRANSFORMA ITAQU\u00c1 EM PALCO CULTURAL E RE\u00daNE 1,5 MIL PESSOAS"},"content":{"rendered":"<p style=\"text-align: justify;\" data-path-to-node=\"1\">O Circuito Sesc levou cultura, lazer e diversidade art\u00edstica para Itaquaquecetuba no \u00faltimo s\u00e1bado (25\/04). Realizado na Pra\u00e7a Padre Jo\u00e3o \u00c1lvares, no Centro, o evento reuniu 1,5 mil pessoas de todas as idades e transformou o espa\u00e7o p\u00fablico em um ponto de encontro com atra\u00e7\u00f5es de teatro, dan\u00e7a, m\u00fasica, literatura, circo e oficinas interativas.<\/p>\n<p style=\"text-align: justify;\" data-path-to-node=\"2\"><img loading=\"lazy\" decoding=\"async\" class=\"size-medium wp-image-30395 alignright\" src=\"https:\/\/jm-metropole.com.br\/site\/wp-content\/uploads\/2026\/04\/WhatsApp-Image-2026-04-29-at-12.08.47-1-300x200.jpeg\" alt=\"\" width=\"300\" height=\"200\" srcset=\"https:\/\/jm-metropole.com.br\/site\/wp-content\/uploads\/2026\/04\/WhatsApp-Image-2026-04-29-at-12.08.47-1-300x200.jpeg 300w, https:\/\/jm-metropole.com.br\/site\/wp-content\/uploads\/2026\/04\/WhatsApp-Image-2026-04-29-at-12.08.47-1-1024x682.jpeg 1024w, https:\/\/jm-metropole.com.br\/site\/wp-content\/uploads\/2026\/04\/WhatsApp-Image-2026-04-29-at-12.08.47-1-768x512.jpeg 768w, https:\/\/jm-metropole.com.br\/site\/wp-content\/uploads\/2026\/04\/WhatsApp-Image-2026-04-29-at-12.08.47-1-1536x1023.jpeg 1536w, https:\/\/jm-metropole.com.br\/site\/wp-content\/uploads\/2026\/04\/WhatsApp-Image-2026-04-29-at-12.08.47-1-150x100.jpeg 150w, https:\/\/jm-metropole.com.br\/site\/wp-content\/uploads\/2026\/04\/WhatsApp-Image-2026-04-29-at-12.08.47-1-600x400.jpeg 600w, https:\/\/jm-metropole.com.br\/site\/wp-content\/uploads\/2026\/04\/WhatsApp-Image-2026-04-29-at-12.08.47-1-696x464.jpeg 696w, https:\/\/jm-metropole.com.br\/site\/wp-content\/uploads\/2026\/04\/WhatsApp-Image-2026-04-29-at-12.08.47-1-1392x927.jpeg 1392w, https:\/\/jm-metropole.com.br\/site\/wp-content\/uploads\/2026\/04\/WhatsApp-Image-2026-04-29-at-12.08.47-1-1068x712.jpeg 1068w, https:\/\/jm-metropole.com.br\/site\/wp-content\/uploads\/2026\/04\/WhatsApp-Image-2026-04-29-at-12.08.47-1-630x420.jpeg 630w, https:\/\/jm-metropole.com.br\/site\/wp-content\/uploads\/2026\/04\/WhatsApp-Image-2026-04-29-at-12.08.47-1-1261x840.jpeg 1261w, https:\/\/jm-metropole.com.br\/site\/wp-content\/uploads\/2026\/04\/WhatsApp-Image-2026-04-29-at-12.08.47-1.jpeg 1600w\" sizes=\"auto, (max-width: 300px) 100vw, 300px\" \/>A programa\u00e7\u00e3o contou com destaques como a media\u00e7\u00e3o de leitura &#8220;Assombrachita &#8211; hist\u00f3rias que n\u00e3o d\u00e3o medo&#8221; e o cortejo &#8220;Gigantes Sonhadores&#8221;, que celebrou a cultura popular brasileira misturando m\u00fasica e circo. Na \u00e1rea musical, o DJ ADJ apresentou um repert\u00f3rio de ritmos brasileiros, enquanto o show \u201cCelebra\u00e7\u00e3o da cultura negra\u201d destacou a for\u00e7a da ancestralidade.<\/p>\n<p style=\"text-align: justify;\" data-path-to-node=\"3\">As atividades colaborativas tamb\u00e9m atra\u00edram o p\u00fablico, com a oficina &#8220;Catavento de papel&#8221; e a a\u00e7\u00e3o &#8220;80 Anos de hist\u00f3ria: um Sesc pra chamar de seu&#8221;, que apresentou a trajet\u00f3ria da institui\u00e7\u00e3o aos participantes. O encerramento ficou por conta da interven\u00e7\u00e3o &#8220;Iludidamente&#8221;, que apresentou n\u00fameros de m\u00e1gica e humor.<\/p>\n<p style=\"text-align: justify;\" data-path-to-node=\"4\"><img loading=\"lazy\" decoding=\"async\" class=\"alignleft size-medium wp-image-30396\" src=\"https:\/\/jm-metropole.com.br\/site\/wp-content\/uploads\/2026\/04\/WhatsApp-Image-2026-04-29-at-12.08.47-300x200.jpeg\" alt=\"\" width=\"300\" height=\"200\" srcset=\"https:\/\/jm-metropole.com.br\/site\/wp-content\/uploads\/2026\/04\/WhatsApp-Image-2026-04-29-at-12.08.47-300x200.jpeg 300w, https:\/\/jm-metropole.com.br\/site\/wp-content\/uploads\/2026\/04\/WhatsApp-Image-2026-04-29-at-12.08.47-1024x682.jpeg 1024w, https:\/\/jm-metropole.com.br\/site\/wp-content\/uploads\/2026\/04\/WhatsApp-Image-2026-04-29-at-12.08.47-768x512.jpeg 768w, https:\/\/jm-metropole.com.br\/site\/wp-content\/uploads\/2026\/04\/WhatsApp-Image-2026-04-29-at-12.08.47-1536x1023.jpeg 1536w, https:\/\/jm-metropole.com.br\/site\/wp-content\/uploads\/2026\/04\/WhatsApp-Image-2026-04-29-at-12.08.47-150x100.jpeg 150w, https:\/\/jm-metropole.com.br\/site\/wp-content\/uploads\/2026\/04\/WhatsApp-Image-2026-04-29-at-12.08.47-600x400.jpeg 600w, https:\/\/jm-metropole.com.br\/site\/wp-content\/uploads\/2026\/04\/WhatsApp-Image-2026-04-29-at-12.08.47-696x464.jpeg 696w, https:\/\/jm-metropole.com.br\/site\/wp-content\/uploads\/2026\/04\/WhatsApp-Image-2026-04-29-at-12.08.47-1392x927.jpeg 1392w, https:\/\/jm-metropole.com.br\/site\/wp-content\/uploads\/2026\/04\/WhatsApp-Image-2026-04-29-at-12.08.47-1068x712.jpeg 1068w, https:\/\/jm-metropole.com.br\/site\/wp-content\/uploads\/2026\/04\/WhatsApp-Image-2026-04-29-at-12.08.47-630x420.jpeg 630w, https:\/\/jm-metropole.com.br\/site\/wp-content\/uploads\/2026\/04\/WhatsApp-Image-2026-04-29-at-12.08.47-1261x840.jpeg 1261w, https:\/\/jm-metropole.com.br\/site\/wp-content\/uploads\/2026\/04\/WhatsApp-Image-2026-04-29-at-12.08.47.jpeg 1600w\" sizes=\"auto, (max-width: 300px) 100vw, 300px\" \/>A administra\u00e7\u00e3o municipal ressaltou que o sucesso de p\u00fablico refor\u00e7a a import\u00e2ncia de investir em programa\u00e7\u00f5es culturais acess\u00edveis e de qualidade em espa\u00e7os p\u00fablicos. Para o governo local, a ocupa\u00e7\u00e3o da pra\u00e7a central com eventos gratuitos \u00e9 fundamental para unir a popula\u00e7\u00e3o e promover o lazer para todos os moradores.<\/p>\n<p style=\"text-align: right;\" data-path-to-node=\"5\"><em>Fotos: Dayane Oliveira<\/em><\/p>\n","protected":false},"excerpt":{"rendered":"<p>O Circuito Sesc levou cultura, lazer e diversidade art\u00edstica para Itaquaquecetuba no \u00faltimo s\u00e1bado (25\/04). Realizado na Pra\u00e7a Padre Jo\u00e3o \u00c1lvares, no Centro, o evento reuniu 1,5 mil pessoas de todas as idades e transformou o espa\u00e7o p\u00fablico em um ponto de encontro com atra\u00e7\u00f5es de teatro, dan\u00e7a, m\u00fasica, literatura, circo e oficinas interativas. A [&hellip;]<\/p>\n","protected":false},"author":1,"featured_media":30394,"comment_status":"open","ping_status":"open","sticky":false,"template":"","format":"standard","meta":{"footnotes":""},"categories":[2,13,6,47],"tags":[],"class_list":{"0":"post-30451","1":"post","2":"type-post","3":"status-publish","4":"format-standard","5":"has-post-thumbnail","7":"category-cidades","8":"category-cultura","9":"category-itaqua","10":"category-turismo"},"_links":{"self":[{"href":"https:\/\/jm-metropole.com.br\/site\/wp-json\/wp\/v2\/posts\/30451","targetHints":{"allow":["GET"]}}],"collection":[{"href":"https:\/\/jm-metropole.com.br\/site\/wp-json\/wp\/v2\/posts"}],"about":[{"href":"https:\/\/jm-metropole.com.br\/site\/wp-json\/wp\/v2\/types\/post"}],"author":[{"embeddable":true,"href":"https:\/\/jm-metropole.com.br\/site\/wp-json\/wp\/v2\/users\/1"}],"replies":[{"embeddable":true,"href":"https:\/\/jm-metropole.com.br\/site\/wp-json\/wp\/v2\/comments?post=30451"}],"version-history":[{"count":1,"href":"https:\/\/jm-metropole.com.br\/site\/wp-json\/wp\/v2\/posts\/30451\/revisions"}],"predecessor-version":[{"id":30452,"href":"https:\/\/jm-metropole.com.br\/site\/wp-json\/wp\/v2\/posts\/30451\/revisions\/30452"}],"wp:featuredmedia":[{"embeddable":true,"href":"https:\/\/jm-metropole.com.br\/site\/wp-json\/wp\/v2\/media\/30394"}],"wp:attachment":[{"href":"https:\/\/jm-metropole.com.br\/site\/wp-json\/wp\/v2\/media?parent=30451"}],"wp:term":[{"taxonomy":"category","embeddable":true,"href":"https:\/\/jm-metropole.com.br\/site\/wp-json\/wp\/v2\/categories?post=30451"},{"taxonomy":"post_tag","embeddable":true,"href":"https:\/\/jm-metropole.com.br\/site\/wp-json\/wp\/v2\/tags?post=30451"}],"curies":[{"name":"wp","href":"https:\/\/api.w.org\/{rel}","templated":true}]}}