{"id":30449,"date":"2026-04-30T16:43:20","date_gmt":"2026-04-30T19:43:20","guid":{"rendered":"https:\/\/jm-metropole.com.br\/site\/?p=30449"},"modified":"2026-04-30T16:43:20","modified_gmt":"2026-04-30T19:43:20","slug":"prefeitura-de-guararema-reforca-importancia-da-vacinacao-contra-febre-amarela","status":"publish","type":"post","link":"https:\/\/jm-metropole.com.br\/site\/prefeitura-de-guararema-reforca-importancia-da-vacinacao-contra-febre-amarela\/","title":{"rendered":"PREFEITURA DE GUARAREMA REFOR\u00c7A IMPORT\u00c2NCIA DA VACINA\u00c7\u00c3O CONTRA FEBRE AMARELA"},"content":{"rendered":"<p style=\"text-align: justify;\" data-path-to-node=\"1\">A Prefeitura de Guararema, por meio da Secretaria Municipal de Sa\u00fade, refor\u00e7a a necessidade de imuniza\u00e7\u00e3o contra a febre amarela para toda a popula\u00e7\u00e3o que ainda n\u00e3o recebeu a dose. O munic\u00edpio aderiu \u00e0s estrat\u00e9gias estaduais de intensifica\u00e7\u00e3o da vacina\u00e7\u00e3o em 2026, com a\u00e7\u00f5es concentradas para ampliar a cobertura vacinal em toda a cidade.<\/p>\n<p style=\"text-align: justify;\" data-path-to-node=\"2\">A orienta\u00e7\u00e3o \u00e9 que pessoas com idade entre 9 meses e 59 anos que ainda n\u00e3o foram imunizadas procurem o servi\u00e7o de sa\u00fade. No caso dos idosos, a aplica\u00e7\u00e3o do imunizante \u00e9 condicionada a uma avalia\u00e7\u00e3o cl\u00ednica pr\u00e9via realizada pelos profissionais de sa\u00fade. At\u00e9 o momento, o munic\u00edpio n\u00e3o registrou casos da doen\u00e7a neste ano.<\/p>\n<p style=\"text-align: justify;\" data-path-to-node=\"3\">A vacina\u00e7\u00e3o ocorre de forma cont\u00ednua, de segunda a sexta-feira, das 7 \u00e0s 17 horas, em tr\u00eas pontos estrat\u00e9gicos: no Centro de Sa\u00fade de Aten\u00e7\u00e3o Prim\u00e1ria Rolando Campagnoli (Cesap), no Centro; na Unidade B\u00e1sica de Sa\u00fade (UBS) Jardim Dulce Guiomar Franco da Cunha; e na Unidade B\u00e1sica de Sa\u00fade (UBS) Lambari Benedicto Antonio Mariano.<\/p>\n<p style=\"text-align: justify;\" data-path-to-node=\"4\">A vacina \u00e9 a principal forma de prote\u00e7\u00e3o contra a enfermidade, que \u00e9 transmitida por mosquitos infectados e pode evoluir para quadros graves com complica\u00e7\u00f5es hep\u00e1ticas e renais. Al\u00e9m da imuniza\u00e7\u00e3o, a secretaria recomenda o uso de repelentes e roupas compridas em \u00e1reas de mata, al\u00e9m da comunica\u00e7\u00e3o imediata \u00e0 Vigil\u00e2ncia Municipal caso sejam encontrados primatas doentes ou mortos.<\/p>\n","protected":false},"excerpt":{"rendered":"<p>A Prefeitura de Guararema, por meio da Secretaria Municipal de Sa\u00fade, refor\u00e7a a necessidade de imuniza\u00e7\u00e3o contra a febre amarela para toda a popula\u00e7\u00e3o que ainda n\u00e3o recebeu a dose. O munic\u00edpio aderiu \u00e0s estrat\u00e9gias estaduais de intensifica\u00e7\u00e3o da vacina\u00e7\u00e3o em 2026, com a\u00e7\u00f5es concentradas para ampliar a cobertura vacinal em toda a cidade. A [&hellip;]<\/p>\n","protected":false},"author":1,"featured_media":30392,"comment_status":"open","ping_status":"open","sticky":false,"template":"","format":"standard","meta":{"footnotes":""},"categories":[2,8,11],"tags":[],"class_list":{"0":"post-30449","1":"post","2":"type-post","3":"status-publish","4":"format-standard","5":"has-post-thumbnail","7":"category-cidades","8":"category-guararema","9":"category-saude"},"_links":{"self":[{"href":"https:\/\/jm-metropole.com.br\/site\/wp-json\/wp\/v2\/posts\/30449","targetHints":{"allow":["GET"]}}],"collection":[{"href":"https:\/\/jm-metropole.com.br\/site\/wp-json\/wp\/v2\/posts"}],"about":[{"href":"https:\/\/jm-metropole.com.br\/site\/wp-json\/wp\/v2\/types\/post"}],"author":[{"embeddable":true,"href":"https:\/\/jm-metropole.com.br\/site\/wp-json\/wp\/v2\/users\/1"}],"replies":[{"embeddable":true,"href":"https:\/\/jm-metropole.com.br\/site\/wp-json\/wp\/v2\/comments?post=30449"}],"version-history":[{"count":1,"href":"https:\/\/jm-metropole.com.br\/site\/wp-json\/wp\/v2\/posts\/30449\/revisions"}],"predecessor-version":[{"id":30450,"href":"https:\/\/jm-metropole.com.br\/site\/wp-json\/wp\/v2\/posts\/30449\/revisions\/30450"}],"wp:featuredmedia":[{"embeddable":true,"href":"https:\/\/jm-metropole.com.br\/site\/wp-json\/wp\/v2\/media\/30392"}],"wp:attachment":[{"href":"https:\/\/jm-metropole.com.br\/site\/wp-json\/wp\/v2\/media?parent=30449"}],"wp:term":[{"taxonomy":"category","embeddable":true,"href":"https:\/\/jm-metropole.com.br\/site\/wp-json\/wp\/v2\/categories?post=30449"},{"taxonomy":"post_tag","embeddable":true,"href":"https:\/\/jm-metropole.com.br\/site\/wp-json\/wp\/v2\/tags?post=30449"}],"curies":[{"name":"wp","href":"https:\/\/api.w.org\/{rel}","templated":true}]}}