{"id":30445,"date":"2026-04-30T16:35:58","date_gmt":"2026-04-30T19:35:58","guid":{"rendered":"https:\/\/jm-metropole.com.br\/site\/?p=30445"},"modified":"2026-04-30T16:35:58","modified_gmt":"2026-04-30T19:35:58","slug":"zeladoria-urbana-amplia-frentes-de-limpeza-no-centro-residencial-e-em-diversos-pontos-de-aruja","status":"publish","type":"post","link":"https:\/\/jm-metropole.com.br\/site\/zeladoria-urbana-amplia-frentes-de-limpeza-no-centro-residencial-e-em-diversos-pontos-de-aruja\/","title":{"rendered":"ZELADORIA URBANA AMPLIA FRENTES DE LIMPEZA NO CENTRO RESIDENCIAL E EM DIVERSOS PONTOS DE ARUJA"},"content":{"rendered":"<p style=\"text-align: justify;\" data-path-to-node=\"1\">As frentes de trabalho da Prefeitura de Aruja prosseguiram com as a\u00e7\u00f5es de manuten\u00e7\u00e3o urbana no in\u00edcio desta semana, cumprindo o cronograma de organiza\u00e7\u00e3o e limpeza no Centro Residencial e em diversos pontos da cidade. Na \u00faltima segunda-feira (27\/04), as equipes de ro\u00e7agem e limpeza concentraram esfor\u00e7os no Residencial para garantir \u00e1reas verdes aparadas e vias p\u00fablicas em boas condi\u00e7\u00f5es de circula\u00e7\u00e3o. O balan\u00e7o do dia tamb\u00e9m confirmou a finaliza\u00e7\u00e3o completa dos servi\u00e7os no bairro Arujam\u00e9rica, onde o per\u00edmetro foi revitalizado pela administra\u00e7\u00e3o municipal.<\/p>\n<p style=\"text-align: justify;\" data-path-to-node=\"2\"><img loading=\"lazy\" decoding=\"async\" class=\"alignleft size-medium wp-image-30408\" src=\"https:\/\/jm-metropole.com.br\/site\/wp-content\/uploads\/2026\/04\/WhatsApp-Image-2026-04-29-at-12.04.22-300x135.jpeg\" alt=\"\" width=\"300\" height=\"135\" srcset=\"https:\/\/jm-metropole.com.br\/site\/wp-content\/uploads\/2026\/04\/WhatsApp-Image-2026-04-29-at-12.04.22-300x135.jpeg 300w, https:\/\/jm-metropole.com.br\/site\/wp-content\/uploads\/2026\/04\/WhatsApp-Image-2026-04-29-at-12.04.22-1024x460.jpeg 1024w, https:\/\/jm-metropole.com.br\/site\/wp-content\/uploads\/2026\/04\/WhatsApp-Image-2026-04-29-at-12.04.22-768x345.jpeg 768w, https:\/\/jm-metropole.com.br\/site\/wp-content\/uploads\/2026\/04\/WhatsApp-Image-2026-04-29-at-12.04.22-1536x690.jpeg 1536w, https:\/\/jm-metropole.com.br\/site\/wp-content\/uploads\/2026\/04\/WhatsApp-Image-2026-04-29-at-12.04.22-150x67.jpeg 150w, https:\/\/jm-metropole.com.br\/site\/wp-content\/uploads\/2026\/04\/WhatsApp-Image-2026-04-29-at-12.04.22-600x270.jpeg 600w, https:\/\/jm-metropole.com.br\/site\/wp-content\/uploads\/2026\/04\/WhatsApp-Image-2026-04-29-at-12.04.22-696x313.jpeg 696w, https:\/\/jm-metropole.com.br\/site\/wp-content\/uploads\/2026\/04\/WhatsApp-Image-2026-04-29-at-12.04.22-1392x626.jpeg 1392w, https:\/\/jm-metropole.com.br\/site\/wp-content\/uploads\/2026\/04\/WhatsApp-Image-2026-04-29-at-12.04.22-1068x480.jpeg 1068w, https:\/\/jm-metropole.com.br\/site\/wp-content\/uploads\/2026\/04\/WhatsApp-Image-2026-04-29-at-12.04.22-935x420.jpeg 935w, https:\/\/jm-metropole.com.br\/site\/wp-content\/uploads\/2026\/04\/WhatsApp-Image-2026-04-29-at-12.04.22.jpeg 1600w\" sizes=\"auto, (max-width: 300px) 100vw, 300px\" \/>Simultaneamente, a opera\u00e7\u00e3o cata-treco percorreu um extenso roteiro para recolher materiais inserv\u00edveis e evitar o descarte irregular em \u00e1reas p\u00fablicas. Al\u00e9m do Jordan\u00f3polis e do Nova Aruja, o servi\u00e7o de coleta contemplou o Loteamento dos Barbosas, a Vila Ferreira, o Jardim Renata e a regi\u00e3o central. Essa iniciativa \u00e9 fundamental para a preven\u00e7\u00e3o de enchentes e o controle de pragas, sendo complementada pelo trabalho t\u00e9cnico de limpeza de bocas de lobo realizado em locais estrat\u00e9gicos para assegurar o escoamento eficiente das \u00e1guas pluviais.<\/p>\n<p style=\"text-align: justify;\" data-path-to-node=\"3\">A mobiliza\u00e7\u00e3o das equipes de ro\u00e7agem e conserva\u00e7\u00e3o tamb\u00e9m se estendeu por importantes vias e \u00e1reas perif\u00e9ricas, abrangendo a Ch\u00e1cara Copaco e a Estrada da Laranja Azeda. O cronograma incluiu ainda a manuten\u00e7\u00e3o das avenidas Tower, Renova e Major Benjamim Franco, vias de grande fluxo que demandam cuidados constantes com a vegeta\u00e7\u00e3o e a higieniza\u00e7\u00e3o do leito vi\u00e1rio.<\/p>\n<p style=\"text-align: justify;\" data-path-to-node=\"4\">Com o objetivo de manter a cidade em ordem e responder prontamente \u00e0s demandas da popula\u00e7\u00e3o, a Secretaria Municipal de Servi\u00e7os refor\u00e7ou que as equipes de zeladoria seguem com o cronograma de atividades ao longo da semana.<\/p>\n","protected":false},"excerpt":{"rendered":"<p>As frentes de trabalho da Prefeitura de Aruja prosseguiram com as a\u00e7\u00f5es de manuten\u00e7\u00e3o urbana no in\u00edcio desta semana, cumprindo o cronograma de organiza\u00e7\u00e3o e limpeza no Centro Residencial e em diversos pontos da cidade. Na \u00faltima segunda-feira (27\/04), as equipes de ro\u00e7agem e limpeza concentraram esfor\u00e7os no Residencial para garantir \u00e1reas verdes aparadas e [&hellip;]<\/p>\n","protected":false},"author":1,"featured_media":30407,"comment_status":"open","ping_status":"open","sticky":false,"template":"","format":"standard","meta":{"footnotes":""},"categories":[4],"tags":[],"class_list":{"0":"post-30445","1":"post","2":"type-post","3":"status-publish","4":"format-standard","5":"has-post-thumbnail","7":"category-aruja"},"_links":{"self":[{"href":"https:\/\/jm-metropole.com.br\/site\/wp-json\/wp\/v2\/posts\/30445","targetHints":{"allow":["GET"]}}],"collection":[{"href":"https:\/\/jm-metropole.com.br\/site\/wp-json\/wp\/v2\/posts"}],"about":[{"href":"https:\/\/jm-metropole.com.br\/site\/wp-json\/wp\/v2\/types\/post"}],"author":[{"embeddable":true,"href":"https:\/\/jm-metropole.com.br\/site\/wp-json\/wp\/v2\/users\/1"}],"replies":[{"embeddable":true,"href":"https:\/\/jm-metropole.com.br\/site\/wp-json\/wp\/v2\/comments?post=30445"}],"version-history":[{"count":1,"href":"https:\/\/jm-metropole.com.br\/site\/wp-json\/wp\/v2\/posts\/30445\/revisions"}],"predecessor-version":[{"id":30446,"href":"https:\/\/jm-metropole.com.br\/site\/wp-json\/wp\/v2\/posts\/30445\/revisions\/30446"}],"wp:featuredmedia":[{"embeddable":true,"href":"https:\/\/jm-metropole.com.br\/site\/wp-json\/wp\/v2\/media\/30407"}],"wp:attachment":[{"href":"https:\/\/jm-metropole.com.br\/site\/wp-json\/wp\/v2\/media?parent=30445"}],"wp:term":[{"taxonomy":"category","embeddable":true,"href":"https:\/\/jm-metropole.com.br\/site\/wp-json\/wp\/v2\/categories?post=30445"},{"taxonomy":"post_tag","embeddable":true,"href":"https:\/\/jm-metropole.com.br\/site\/wp-json\/wp\/v2\/tags?post=30445"}],"curies":[{"name":"wp","href":"https:\/\/api.w.org\/{rel}","templated":true}]}}