{"id":30441,"date":"2026-04-30T16:32:03","date_gmt":"2026-04-30T19:32:03","guid":{"rendered":"https:\/\/jm-metropole.com.br\/site\/?p=30441"},"modified":"2026-04-30T16:32:03","modified_gmt":"2026-04-30T19:32:03","slug":"prefeitura-de-guararema-reforca-transporte-para-areas-social-e-esportiva","status":"publish","type":"post","link":"https:\/\/jm-metropole.com.br\/site\/prefeitura-de-guararema-reforca-transporte-para-areas-social-e-esportiva\/","title":{"rendered":"PREFEITURA DE GUARAREMA REFOR\u00c7A TRANSPORTE PARA \u00c1REAS SOCIAL E ESPORTIVA"},"content":{"rendered":"<p style=\"text-align: justify;\" data-path-to-node=\"1\">A Prefeitura de Guararema disponibiliza um \u00f4nibus exclusivo para o atendimento das secretarias municipais de Desenvolvimento Social e da Longevidade e de Esportes, Lazer e Qualidade de Vida. O ve\u00edculo, que recebeu recentemente uma nova comunica\u00e7\u00e3o visual, desempenha um papel estrat\u00e9gico na amplia\u00e7\u00e3o da mobilidade de atletas e no fortalecimento dos servi\u00e7os p\u00fablicos oferecidos \u00e0 popula\u00e7\u00e3o.<\/p>\n<p style=\"text-align: justify;\" data-path-to-node=\"2\"><img loading=\"lazy\" decoding=\"async\" class=\"alignleft size-medium wp-image-30390\" src=\"https:\/\/jm-metropole.com.br\/site\/wp-content\/uploads\/2026\/04\/WhatsApp-Image-2026-04-29-at-12.10.11-300x200.jpeg\" alt=\"\" width=\"300\" height=\"200\" srcset=\"https:\/\/jm-metropole.com.br\/site\/wp-content\/uploads\/2026\/04\/WhatsApp-Image-2026-04-29-at-12.10.11-300x200.jpeg 300w, https:\/\/jm-metropole.com.br\/site\/wp-content\/uploads\/2026\/04\/WhatsApp-Image-2026-04-29-at-12.10.11-1024x682.jpeg 1024w, https:\/\/jm-metropole.com.br\/site\/wp-content\/uploads\/2026\/04\/WhatsApp-Image-2026-04-29-at-12.10.11-768x512.jpeg 768w, https:\/\/jm-metropole.com.br\/site\/wp-content\/uploads\/2026\/04\/WhatsApp-Image-2026-04-29-at-12.10.11-1536x1023.jpeg 1536w, https:\/\/jm-metropole.com.br\/site\/wp-content\/uploads\/2026\/04\/WhatsApp-Image-2026-04-29-at-12.10.11-150x100.jpeg 150w, https:\/\/jm-metropole.com.br\/site\/wp-content\/uploads\/2026\/04\/WhatsApp-Image-2026-04-29-at-12.10.11-600x400.jpeg 600w, https:\/\/jm-metropole.com.br\/site\/wp-content\/uploads\/2026\/04\/WhatsApp-Image-2026-04-29-at-12.10.11-696x464.jpeg 696w, https:\/\/jm-metropole.com.br\/site\/wp-content\/uploads\/2026\/04\/WhatsApp-Image-2026-04-29-at-12.10.11-1392x927.jpeg 1392w, https:\/\/jm-metropole.com.br\/site\/wp-content\/uploads\/2026\/04\/WhatsApp-Image-2026-04-29-at-12.10.11-1068x712.jpeg 1068w, https:\/\/jm-metropole.com.br\/site\/wp-content\/uploads\/2026\/04\/WhatsApp-Image-2026-04-29-at-12.10.11-630x420.jpeg 630w, https:\/\/jm-metropole.com.br\/site\/wp-content\/uploads\/2026\/04\/WhatsApp-Image-2026-04-29-at-12.10.11-1261x840.jpeg 1261w, https:\/\/jm-metropole.com.br\/site\/wp-content\/uploads\/2026\/04\/WhatsApp-Image-2026-04-29-at-12.10.11.jpeg 1600w\" sizes=\"auto, (max-width: 300px) 100vw, 300px\" \/>O equipamento, que anteriormente atendia prioritariamente ao setor social, como os frequentadores do Centro de Conviv\u00eancia da Pessoa Idosa (CCPI) e alunos dos Centros Socioeducativos (CSEs), agora tamb\u00e9m transporta comitivas esportivas. A utiliza\u00e7\u00e3o compartilhada facilita a log\u00edstica de grupos que participam de competi\u00e7\u00f5es e atividades oficiais em diversas modalidades.<\/p>\n<p style=\"text-align: justify;\" data-path-to-node=\"3\">Para garantir o conforto e a seguran\u00e7a dos usu\u00e1rios, o \u00f4nibus \u00e9 equipado com ar-condicionado, espa\u00e7o para bagagens e transporte de materiais esportivos, al\u00e9m de itens de acessibilidade, como rampa de acesso. O prefeito de Guararema, acompanhado pelos secret\u00e1rios das pastas envolvidas, conferiu a nova adesivagem do ve\u00edculo nesta segunda-feira (27\/04) no Mirante Prefeito Gerb\u00e1sio Marcelino.<\/p>\n<p style=\"text-align: justify;\" data-path-to-node=\"4\">A medida faz parte das a\u00e7\u00f5es municipais para otimizar os recursos p\u00fablicos e melhorar a infraestrutura dispon\u00edvel para o lazer, esporte e assist\u00eancia social. Segundo a administra\u00e7\u00e3o, o refor\u00e7o no transporte pr\u00f3prio contribui diretamente para a qualidade de vida dos moradores que dependem desses servi\u00e7os especializados.<\/p>\n","protected":false},"excerpt":{"rendered":"<p>A Prefeitura de Guararema disponibiliza um \u00f4nibus exclusivo para o atendimento das secretarias municipais de Desenvolvimento Social e da Longevidade e de Esportes, Lazer e Qualidade de Vida. O ve\u00edculo, que recebeu recentemente uma nova comunica\u00e7\u00e3o visual, desempenha um papel estrat\u00e9gico na amplia\u00e7\u00e3o da mobilidade de atletas e no fortalecimento dos servi\u00e7os p\u00fablicos oferecidos \u00e0 [&hellip;]<\/p>\n","protected":false},"author":1,"featured_media":30391,"comment_status":"open","ping_status":"open","sticky":false,"template":"","format":"standard","meta":{"footnotes":""},"categories":[2,8,547],"tags":[],"class_list":{"0":"post-30441","1":"post","2":"type-post","3":"status-publish","4":"format-standard","5":"has-post-thumbnail","7":"category-cidades","8":"category-guararema","9":"category-transito"},"_links":{"self":[{"href":"https:\/\/jm-metropole.com.br\/site\/wp-json\/wp\/v2\/posts\/30441","targetHints":{"allow":["GET"]}}],"collection":[{"href":"https:\/\/jm-metropole.com.br\/site\/wp-json\/wp\/v2\/posts"}],"about":[{"href":"https:\/\/jm-metropole.com.br\/site\/wp-json\/wp\/v2\/types\/post"}],"author":[{"embeddable":true,"href":"https:\/\/jm-metropole.com.br\/site\/wp-json\/wp\/v2\/users\/1"}],"replies":[{"embeddable":true,"href":"https:\/\/jm-metropole.com.br\/site\/wp-json\/wp\/v2\/comments?post=30441"}],"version-history":[{"count":1,"href":"https:\/\/jm-metropole.com.br\/site\/wp-json\/wp\/v2\/posts\/30441\/revisions"}],"predecessor-version":[{"id":30442,"href":"https:\/\/jm-metropole.com.br\/site\/wp-json\/wp\/v2\/posts\/30441\/revisions\/30442"}],"wp:featuredmedia":[{"embeddable":true,"href":"https:\/\/jm-metropole.com.br\/site\/wp-json\/wp\/v2\/media\/30391"}],"wp:attachment":[{"href":"https:\/\/jm-metropole.com.br\/site\/wp-json\/wp\/v2\/media?parent=30441"}],"wp:term":[{"taxonomy":"category","embeddable":true,"href":"https:\/\/jm-metropole.com.br\/site\/wp-json\/wp\/v2\/categories?post=30441"},{"taxonomy":"post_tag","embeddable":true,"href":"https:\/\/jm-metropole.com.br\/site\/wp-json\/wp\/v2\/tags?post=30441"}],"curies":[{"name":"wp","href":"https:\/\/api.w.org\/{rel}","templated":true}]}}