{"id":30439,"date":"2026-04-30T16:29:02","date_gmt":"2026-04-30T19:29:02","guid":{"rendered":"https:\/\/jm-metropole.com.br\/site\/?p=30439"},"modified":"2026-04-30T16:29:02","modified_gmt":"2026-04-30T19:29:02","slug":"condemat-promove-treinamento-para-atuacao-em-enchentes-e-inundacoes","status":"publish","type":"post","link":"https:\/\/jm-metropole.com.br\/site\/condemat-promove-treinamento-para-atuacao-em-enchentes-e-inundacoes\/","title":{"rendered":"CONDEMAT+ PROMOVE TREINAMENTO PARA ATUA\u00c7\u00c3O EM ENCHENTES E INUNDA\u00c7\u00d5ES"},"content":{"rendered":"<p style=\"text-align: justify;\" data-path-to-node=\"1\">O Cons\u00f3rcio de Desenvolvimento dos Munic\u00edpios do Alto Tiet\u00ea e Regi\u00e3o (CONDEMAT+), por meio do seu Grupo de Trabalho de Defesa Civil, realizou, nesta segunda-feira (27\/04), um treinamento especializado em situa\u00e7\u00f5es de enchentes e inunda\u00e7\u00f5es. A atividade, ocorrida no espa\u00e7o Canoar, em Juquitiba, teve como foco a capacita\u00e7\u00e3o de agentes para o enfrentamento de eventos clim\u00e1ticos extremos e a atua\u00e7\u00e3o em resgates com botes.<\/p>\n<p style=\"text-align: justify;\" data-path-to-node=\"2\"><img loading=\"lazy\" decoding=\"async\" class=\"size-medium wp-image-30387 alignright\" src=\"https:\/\/jm-metropole.com.br\/site\/wp-content\/uploads\/2026\/04\/WhatsApp-Image-2026-04-29-at-12.11.19-300x169.jpeg\" alt=\"\" width=\"300\" height=\"169\" srcset=\"https:\/\/jm-metropole.com.br\/site\/wp-content\/uploads\/2026\/04\/WhatsApp-Image-2026-04-29-at-12.11.19-300x169.jpeg 300w, https:\/\/jm-metropole.com.br\/site\/wp-content\/uploads\/2026\/04\/WhatsApp-Image-2026-04-29-at-12.11.19-1024x576.jpeg 1024w, https:\/\/jm-metropole.com.br\/site\/wp-content\/uploads\/2026\/04\/WhatsApp-Image-2026-04-29-at-12.11.19-768x432.jpeg 768w, https:\/\/jm-metropole.com.br\/site\/wp-content\/uploads\/2026\/04\/WhatsApp-Image-2026-04-29-at-12.11.19-1536x864.jpeg 1536w, https:\/\/jm-metropole.com.br\/site\/wp-content\/uploads\/2026\/04\/WhatsApp-Image-2026-04-29-at-12.11.19-150x84.jpeg 150w, https:\/\/jm-metropole.com.br\/site\/wp-content\/uploads\/2026\/04\/WhatsApp-Image-2026-04-29-at-12.11.19-600x338.jpeg 600w, https:\/\/jm-metropole.com.br\/site\/wp-content\/uploads\/2026\/04\/WhatsApp-Image-2026-04-29-at-12.11.19-696x392.jpeg 696w, https:\/\/jm-metropole.com.br\/site\/wp-content\/uploads\/2026\/04\/WhatsApp-Image-2026-04-29-at-12.11.19-1392x783.jpeg 1392w, https:\/\/jm-metropole.com.br\/site\/wp-content\/uploads\/2026\/04\/WhatsApp-Image-2026-04-29-at-12.11.19-1068x601.jpeg 1068w, https:\/\/jm-metropole.com.br\/site\/wp-content\/uploads\/2026\/04\/WhatsApp-Image-2026-04-29-at-12.11.19-747x420.jpeg 747w, https:\/\/jm-metropole.com.br\/site\/wp-content\/uploads\/2026\/04\/WhatsApp-Image-2026-04-29-at-12.11.19-1493x840.jpeg 1493w, https:\/\/jm-metropole.com.br\/site\/wp-content\/uploads\/2026\/04\/WhatsApp-Image-2026-04-29-at-12.11.19.jpeg 1600w\" sizes=\"auto, (max-width: 300px) 100vw, 300px\" \/>A capacita\u00e7\u00e3o reuniu 26 participantes dos munic\u00edpios de Aruja, Ferraz de Vasconcelos, Guarulhos, Itaquaquecetuba, Mogi das Cruzes, Po\u00e1 e Suzano. O objetivo central foi fortalecer a integra\u00e7\u00e3o regional e padronizar os atendimentos em situa\u00e7\u00f5es de risco. Durante o treinamento, as equipes tiveram acesso a conte\u00fados te\u00f3ricos e pr\u00e1ticos sobre seguran\u00e7a em ambientes inundados, procedimentos de evacua\u00e7\u00e3o de v\u00edtimas e organiza\u00e7\u00e3o operacional em ocorr\u00eancias hidrol\u00f3gicas.<\/p>\n<p style=\"text-align: justify;\" data-path-to-node=\"3\">A instru\u00e7\u00e3o foi conduzida pelos especialistas Fernando Godinho e Gustavo Gon\u00e7alves de Moraes, sob a coordena\u00e7\u00e3o do N\u00facleo de Ensino da Defesa Civil de Itaquaquecetuba. Esta iniciativa, que acontece pelo segundo ano consecutivo, reafirma o compromisso do cons\u00f3rcio com a qualifica\u00e7\u00e3o cont\u00ednua das equipes de salvamento da regi\u00e3o.<\/p>\n<p style=\"text-align: justify;\" data-path-to-node=\"4\">De acordo com a coordena\u00e7\u00e3o do grupo de trabalho, a integra\u00e7\u00e3o promovida pelo CONDEMAT+ \u00e9 determinante para garantir efici\u00eancia e alinhamento nas respostas \u00e0s ocorr\u00eancias. O treinamento contou com o apoio do presidente do cons\u00f3rcio e prefeito de Aruja, Luis Camargo, visando preparar os munic\u00edpios para a\u00e7\u00f5es coordenadas em \u00e1reas alagadas.<\/p>\n","protected":false},"excerpt":{"rendered":"<p>O Cons\u00f3rcio de Desenvolvimento dos Munic\u00edpios do Alto Tiet\u00ea e Regi\u00e3o (CONDEMAT+), por meio do seu Grupo de Trabalho de Defesa Civil, realizou, nesta segunda-feira (27\/04), um treinamento especializado em situa\u00e7\u00f5es de enchentes e inunda\u00e7\u00f5es. A atividade, ocorrida no espa\u00e7o Canoar, em Juquitiba, teve como foco a capacita\u00e7\u00e3o de agentes para o enfrentamento de eventos [&hellip;]<\/p>\n","protected":false},"author":1,"featured_media":30386,"comment_status":"open","ping_status":"open","sticky":false,"template":"","format":"standard","meta":{"footnotes":""},"categories":[21,2,16],"tags":[],"class_list":{"0":"post-30439","1":"post","2":"type-post","3":"status-publish","4":"format-standard","5":"has-post-thumbnail","7":"category-alto-tiete","8":"category-cidades","9":"category-seguranca"},"_links":{"self":[{"href":"https:\/\/jm-metropole.com.br\/site\/wp-json\/wp\/v2\/posts\/30439","targetHints":{"allow":["GET"]}}],"collection":[{"href":"https:\/\/jm-metropole.com.br\/site\/wp-json\/wp\/v2\/posts"}],"about":[{"href":"https:\/\/jm-metropole.com.br\/site\/wp-json\/wp\/v2\/types\/post"}],"author":[{"embeddable":true,"href":"https:\/\/jm-metropole.com.br\/site\/wp-json\/wp\/v2\/users\/1"}],"replies":[{"embeddable":true,"href":"https:\/\/jm-metropole.com.br\/site\/wp-json\/wp\/v2\/comments?post=30439"}],"version-history":[{"count":1,"href":"https:\/\/jm-metropole.com.br\/site\/wp-json\/wp\/v2\/posts\/30439\/revisions"}],"predecessor-version":[{"id":30440,"href":"https:\/\/jm-metropole.com.br\/site\/wp-json\/wp\/v2\/posts\/30439\/revisions\/30440"}],"wp:featuredmedia":[{"embeddable":true,"href":"https:\/\/jm-metropole.com.br\/site\/wp-json\/wp\/v2\/media\/30386"}],"wp:attachment":[{"href":"https:\/\/jm-metropole.com.br\/site\/wp-json\/wp\/v2\/media?parent=30439"}],"wp:term":[{"taxonomy":"category","embeddable":true,"href":"https:\/\/jm-metropole.com.br\/site\/wp-json\/wp\/v2\/categories?post=30439"},{"taxonomy":"post_tag","embeddable":true,"href":"https:\/\/jm-metropole.com.br\/site\/wp-json\/wp\/v2\/tags?post=30439"}],"curies":[{"name":"wp","href":"https:\/\/api.w.org\/{rel}","templated":true}]}}