{"id":30437,"date":"2026-04-30T16:26:27","date_gmt":"2026-04-30T19:26:27","guid":{"rendered":"https:\/\/jm-metropole.com.br\/site\/?p=30437"},"modified":"2026-04-30T16:26:27","modified_gmt":"2026-04-30T19:26:27","slug":"prefeito-se-reune-com-ssp-para-alinhar-implantacao-do-baep-em-suzano","status":"publish","type":"post","link":"https:\/\/jm-metropole.com.br\/site\/prefeito-se-reune-com-ssp-para-alinhar-implantacao-do-baep-em-suzano\/","title":{"rendered":"PREFEITO SE RE\u00daNE COM SSP PARA ALINHAR IMPLANTA\u00c7\u00c3O DO BAEP EM SUZANO"},"content":{"rendered":"<p style=\"text-align: justify;\" data-path-to-node=\"1\">O prefeito Pedro Ishi participou, nesta segunda-feira (27\/04), de uma reuni\u00e3o estrat\u00e9gica no Pa\u00e7o Municipal para tratar da fase final da base or\u00e7ament\u00e1ria destinada \u00e0 implanta\u00e7\u00e3o do Batalh\u00e3o de A\u00e7\u00f5es Especiais de Pol\u00edcia (Baep) em Suzano. O encontro teve como objetivo alinhar detalhes t\u00e9cnicos, estruturais e financeiros do projeto, buscando garantir agilidade na execu\u00e7\u00e3o e economia no uso dos recursos p\u00fablicos.<\/p>\n<p style=\"text-align: justify;\" data-path-to-node=\"2\">Durante a reuni\u00e3o, representantes da Secretaria de Estado de Seguran\u00e7a P\u00fablica (SSP) apresentaram a planilha or\u00e7ament\u00e1ria com os investimentos necess\u00e1rios para a estrutura da futura unidade e as adequa\u00e7\u00f5es do espa\u00e7o. Foram discutidas alternativas para otimizar os custos sem comprometer a qualidade da obra, al\u00e9m de definir estrat\u00e9gias para manter a efici\u00eancia administrativa em todas as etapas do processo.<\/p>\n<p style=\"text-align: justify;\" data-path-to-node=\"3\">Embora o endere\u00e7o exato da unidade ainda esteja em fase de defini\u00e7\u00e3o, a confirma\u00e7\u00e3o do batalh\u00e3o \u00e9 vista como um avan\u00e7o significativo para a seguran\u00e7a p\u00fablica de Suzano e de todo o Alto Tiet\u00ea. A chegada do Baep ampliar\u00e1 a presen\u00e7a de for\u00e7as policiais especializadas, fortalecendo o combate \u00e0 criminalidade na regi\u00e3o. O projeto sucede a cria\u00e7\u00e3o da Companhia de A\u00e7\u00f5es Especiais de Pol\u00edcia (Caep), que j\u00e1 havia iniciado uma nova fase no policiamento local.<\/p>\n<p style=\"text-align: justify;\" data-path-to-node=\"4\">A reuni\u00e3o contou com a presen\u00e7a do secret\u00e1rio municipal de Seguran\u00e7a Cidad\u00e3, Francisco Balbino, do chefe de Gabinete, Afr\u00e2nio Evaristo da Silva, al\u00e9m de engenheiros da prefeitura e t\u00e9cnicos da se\u00e7\u00e3o de engenharia da SSP. A administra\u00e7\u00e3o municipal refor\u00e7ou que a instala\u00e7\u00e3o do batalh\u00e3o \u00e9 uma prioridade da gest\u00e3o para entregar uma estrutura moderna e eficiente \u00e0 popula\u00e7\u00e3o.<\/p>\n<p style=\"text-align: right;\" data-path-to-node=\"5\"><em>Cr\u00e9dito das fotos: Mauricio Sordilli<\/em><\/p>\n","protected":false},"excerpt":{"rendered":"<p>O prefeito Pedro Ishi participou, nesta segunda-feira (27\/04), de uma reuni\u00e3o estrat\u00e9gica no Pa\u00e7o Municipal para tratar da fase final da base or\u00e7ament\u00e1ria destinada \u00e0 implanta\u00e7\u00e3o do Batalh\u00e3o de A\u00e7\u00f5es Especiais de Pol\u00edcia (Baep) em Suzano. O encontro teve como objetivo alinhar detalhes t\u00e9cnicos, estruturais e financeiros do projeto, buscando garantir agilidade na execu\u00e7\u00e3o e [&hellip;]<\/p>\n","protected":false},"author":1,"featured_media":30401,"comment_status":"open","ping_status":"open","sticky":false,"template":"","format":"standard","meta":{"footnotes":""},"categories":[2,16,9],"tags":[],"class_list":{"0":"post-30437","1":"post","2":"type-post","3":"status-publish","4":"format-standard","5":"has-post-thumbnail","7":"category-cidades","8":"category-seguranca","9":"category-suzano"},"_links":{"self":[{"href":"https:\/\/jm-metropole.com.br\/site\/wp-json\/wp\/v2\/posts\/30437","targetHints":{"allow":["GET"]}}],"collection":[{"href":"https:\/\/jm-metropole.com.br\/site\/wp-json\/wp\/v2\/posts"}],"about":[{"href":"https:\/\/jm-metropole.com.br\/site\/wp-json\/wp\/v2\/types\/post"}],"author":[{"embeddable":true,"href":"https:\/\/jm-metropole.com.br\/site\/wp-json\/wp\/v2\/users\/1"}],"replies":[{"embeddable":true,"href":"https:\/\/jm-metropole.com.br\/site\/wp-json\/wp\/v2\/comments?post=30437"}],"version-history":[{"count":1,"href":"https:\/\/jm-metropole.com.br\/site\/wp-json\/wp\/v2\/posts\/30437\/revisions"}],"predecessor-version":[{"id":30438,"href":"https:\/\/jm-metropole.com.br\/site\/wp-json\/wp\/v2\/posts\/30437\/revisions\/30438"}],"wp:featuredmedia":[{"embeddable":true,"href":"https:\/\/jm-metropole.com.br\/site\/wp-json\/wp\/v2\/media\/30401"}],"wp:attachment":[{"href":"https:\/\/jm-metropole.com.br\/site\/wp-json\/wp\/v2\/media?parent=30437"}],"wp:term":[{"taxonomy":"category","embeddable":true,"href":"https:\/\/jm-metropole.com.br\/site\/wp-json\/wp\/v2\/categories?post=30437"},{"taxonomy":"post_tag","embeddable":true,"href":"https:\/\/jm-metropole.com.br\/site\/wp-json\/wp\/v2\/tags?post=30437"}],"curies":[{"name":"wp","href":"https:\/\/api.w.org\/{rel}","templated":true}]}}