{"id":30435,"date":"2026-04-30T16:22:35","date_gmt":"2026-04-30T19:22:35","guid":{"rendered":"https:\/\/jm-metropole.com.br\/site\/?p=30435"},"modified":"2026-04-30T16:22:35","modified_gmt":"2026-04-30T19:22:35","slug":"gincana-do-autismo-reune-familias-e-fortalece-a-inclusao-em-aruja","status":"publish","type":"post","link":"https:\/\/jm-metropole.com.br\/site\/gincana-do-autismo-reune-familias-e-fortalece-a-inclusao-em-aruja\/","title":{"rendered":"GINCANA DO AUTISMO RE\u00daNE FAM\u00cdLIAS E FORTALECE A INCLUS\u00c3O EM ARUJA"},"content":{"rendered":"<p style=\"text-align: justify;\" data-path-to-node=\"1\">A Prefeitura de Aruja realizou, no \u00faltimo s\u00e1bado (25\/04), a 1\u00aa Gincana de Conscientiza\u00e7\u00e3o do Autismo na Pra\u00e7a da Juventude, no Mirante. A a\u00e7\u00e3o reuniu pessoas com Transtorno do Espectro Autista (TEA), familiares e a comunidade em uma manh\u00e3 dedicada ao acolhimento e \u00e0 integra\u00e7\u00e3o social. O evento foi promovido pela Secretaria Municipal de Esportes em parceria com o Conselho Municipal dos Direitos da Pessoa com Defici\u00eancia (CMDPcD) e contou com o apoio de diversas entidades e secretarias municipais.<\/p>\n<p style=\"text-align: justify;\" data-path-to-node=\"2\"><img loading=\"lazy\" decoding=\"async\" class=\"size-medium wp-image-30411 alignright\" src=\"https:\/\/jm-metropole.com.br\/site\/wp-content\/uploads\/2026\/04\/WhatsApp-Image-2026-04-29-at-12.04.19-1-300x169.jpeg\" alt=\"\" width=\"300\" height=\"169\" srcset=\"https:\/\/jm-metropole.com.br\/site\/wp-content\/uploads\/2026\/04\/WhatsApp-Image-2026-04-29-at-12.04.19-1-300x169.jpeg 300w, https:\/\/jm-metropole.com.br\/site\/wp-content\/uploads\/2026\/04\/WhatsApp-Image-2026-04-29-at-12.04.19-1-1024x576.jpeg 1024w, https:\/\/jm-metropole.com.br\/site\/wp-content\/uploads\/2026\/04\/WhatsApp-Image-2026-04-29-at-12.04.19-1-768x432.jpeg 768w, https:\/\/jm-metropole.com.br\/site\/wp-content\/uploads\/2026\/04\/WhatsApp-Image-2026-04-29-at-12.04.19-1-1536x864.jpeg 1536w, https:\/\/jm-metropole.com.br\/site\/wp-content\/uploads\/2026\/04\/WhatsApp-Image-2026-04-29-at-12.04.19-1-2048x1152.jpeg 2048w, https:\/\/jm-metropole.com.br\/site\/wp-content\/uploads\/2026\/04\/WhatsApp-Image-2026-04-29-at-12.04.19-1-150x84.jpeg 150w, https:\/\/jm-metropole.com.br\/site\/wp-content\/uploads\/2026\/04\/WhatsApp-Image-2026-04-29-at-12.04.19-1-600x338.jpeg 600w, https:\/\/jm-metropole.com.br\/site\/wp-content\/uploads\/2026\/04\/WhatsApp-Image-2026-04-29-at-12.04.19-1-696x392.jpeg 696w, https:\/\/jm-metropole.com.br\/site\/wp-content\/uploads\/2026\/04\/WhatsApp-Image-2026-04-29-at-12.04.19-1-1392x783.jpeg 1392w, https:\/\/jm-metropole.com.br\/site\/wp-content\/uploads\/2026\/04\/WhatsApp-Image-2026-04-29-at-12.04.19-1-1068x601.jpeg 1068w, https:\/\/jm-metropole.com.br\/site\/wp-content\/uploads\/2026\/04\/WhatsApp-Image-2026-04-29-at-12.04.19-1-1920x1080.jpeg 1920w, https:\/\/jm-metropole.com.br\/site\/wp-content\/uploads\/2026\/04\/WhatsApp-Image-2026-04-29-at-12.04.19-1-747x420.jpeg 747w, https:\/\/jm-metropole.com.br\/site\/wp-content\/uploads\/2026\/04\/WhatsApp-Image-2026-04-29-at-12.04.19-1-1493x840.jpeg 1493w\" sizes=\"auto, (max-width: 300px) 100vw, 300px\" \/>A programa\u00e7\u00e3o ofereceu atividades adaptadas, jogos esportivos, brinquedos infl\u00e1veis e brincadeiras que garantiram a acessibilidade e a participa\u00e7\u00e3o coletiva. Para assegurar o bem-estar dos participantes, a estrutura contou com equipe de apoio, espa\u00e7o de descompress\u00e3o e atendimento com ambul\u00e2ncia, respeitando inclusive o conforto sensorial dos presentes. Durante o evento, tamb\u00e9m foram oferecidos lanches e momentos de intera\u00e7\u00e3o familiar em um ambiente acolhedor.<\/p>\n<p style=\"text-align: justify;\" data-path-to-node=\"3\">Com o intuito de facilitar o acesso da popula\u00e7\u00e3o, a prefeitura disponibilizou transporte gratuito com sa\u00edda da Rodovi\u00e1ria de Aruja at\u00e9 o local da gincana. A iniciativa teve como foco sensibilizar a sociedade sobre a import\u00e2ncia do respeito \u00e0s diferen\u00e7as e incentivar a conviv\u00eancia inclusiva, refor\u00e7ando as pol\u00edticas p\u00fablicas voltadas \u00e0 pessoa com defici\u00eancia no munic\u00edpio.<\/p>\n<p style=\"text-align: justify;\" data-path-to-node=\"4\">O evento contou com a presen\u00e7a de autoridades locais, incluindo os secret\u00e1rios de Esportes, Betinho, e de Assist\u00eancia Social, Juliana Daniel, al\u00e9m de representantes do CMDPcD, da C\u00e2mara Municipal e de institui\u00e7\u00f5es parceiras. A a\u00e7\u00e3o buscou promover a conscientiza\u00e7\u00e3o por meio da viv\u00eancia pr\u00e1tica e do contato direto com a realidade das pessoas com TEA e seus familiares.<\/p>\n","protected":false},"excerpt":{"rendered":"<p>A Prefeitura de Aruja realizou, no \u00faltimo s\u00e1bado (25\/04), a 1\u00aa Gincana de Conscientiza\u00e7\u00e3o do Autismo na Pra\u00e7a da Juventude, no Mirante. A a\u00e7\u00e3o reuniu pessoas com Transtorno do Espectro Autista (TEA), familiares e a comunidade em uma manh\u00e3 dedicada ao acolhimento e \u00e0 integra\u00e7\u00e3o social. O evento foi promovido pela Secretaria Municipal de Esportes [&hellip;]<\/p>\n","protected":false},"author":1,"featured_media":30412,"comment_status":"open","ping_status":"open","sticky":false,"template":"","format":"standard","meta":{"footnotes":""},"categories":[4,2],"tags":[],"class_list":{"0":"post-30435","1":"post","2":"type-post","3":"status-publish","4":"format-standard","5":"has-post-thumbnail","7":"category-aruja","8":"category-cidades"},"_links":{"self":[{"href":"https:\/\/jm-metropole.com.br\/site\/wp-json\/wp\/v2\/posts\/30435","targetHints":{"allow":["GET"]}}],"collection":[{"href":"https:\/\/jm-metropole.com.br\/site\/wp-json\/wp\/v2\/posts"}],"about":[{"href":"https:\/\/jm-metropole.com.br\/site\/wp-json\/wp\/v2\/types\/post"}],"author":[{"embeddable":true,"href":"https:\/\/jm-metropole.com.br\/site\/wp-json\/wp\/v2\/users\/1"}],"replies":[{"embeddable":true,"href":"https:\/\/jm-metropole.com.br\/site\/wp-json\/wp\/v2\/comments?post=30435"}],"version-history":[{"count":1,"href":"https:\/\/jm-metropole.com.br\/site\/wp-json\/wp\/v2\/posts\/30435\/revisions"}],"predecessor-version":[{"id":30436,"href":"https:\/\/jm-metropole.com.br\/site\/wp-json\/wp\/v2\/posts\/30435\/revisions\/30436"}],"wp:featuredmedia":[{"embeddable":true,"href":"https:\/\/jm-metropole.com.br\/site\/wp-json\/wp\/v2\/media\/30412"}],"wp:attachment":[{"href":"https:\/\/jm-metropole.com.br\/site\/wp-json\/wp\/v2\/media?parent=30435"}],"wp:term":[{"taxonomy":"category","embeddable":true,"href":"https:\/\/jm-metropole.com.br\/site\/wp-json\/wp\/v2\/categories?post=30435"},{"taxonomy":"post_tag","embeddable":true,"href":"https:\/\/jm-metropole.com.br\/site\/wp-json\/wp\/v2\/tags?post=30435"}],"curies":[{"name":"wp","href":"https:\/\/api.w.org\/{rel}","templated":true}]}}