{"id":30430,"date":"2026-04-29T15:29:28","date_gmt":"2026-04-29T18:29:28","guid":{"rendered":"https:\/\/jm-metropole.com.br\/site\/?p=30430"},"modified":"2026-04-29T15:29:28","modified_gmt":"2026-04-29T18:29:28","slug":"arquivo-historico-exibe-documentario-sobre-os-60-anos-do-conservatorio","status":"publish","type":"post","link":"https:\/\/jm-metropole.com.br\/site\/arquivo-historico-exibe-documentario-sobre-os-60-anos-do-conservatorio\/","title":{"rendered":"ARQUIVO HIST\u00d3RICO EXIBE DOCUMENT\u00c1RIO SOBRE OS 60 ANOS DO CONSERVAT\u00d3RIO"},"content":{"rendered":"<p style=\"text-align: justify;\" data-path-to-node=\"1\">A Secretaria de Cultura e Turismo de Guarulhos realiza, na pr\u00f3xima ter\u00e7a-feira (05\/05), uma sess\u00e3o gratuita do projeto Cine Mem\u00f3ria no Arquivo Hist\u00f3rico Municipal Araci Borges Dias Martins. O evento, que come\u00e7a \u00e0s 19 horas, exibir\u00e1 o document\u00e1rio &#8220;Notas do Tempo: Seis D\u00e9cadas do Conservat\u00f3rio Municipal de Guarulhos&#8221;, primeiro epis\u00f3dio de uma webs\u00e9rie comemorativa sobre a institui\u00e7\u00e3o.<\/p>\n<p style=\"text-align: justify;\" data-path-to-node=\"2\">A produ\u00e7\u00e3o utiliza depoimentos, arquivos hist\u00f3ricos e performances para narrar a trajet\u00f3ria do Conservat\u00f3rio, destacando momentos marcantes como a busca pela sede pr\u00f3pria e a resist\u00eancia cultural ao longo de 60 anos. O filme apresenta o equipamento p\u00fablico como um ponto de encontro geracional para o ensino e a viv\u00eancia da m\u00fasica na cidade. A obra tem dire\u00e7\u00e3o de Fernanda Carvalho e produ\u00e7\u00e3o de Marcelo Ermida.<\/p>\n<p style=\"text-align: justify;\" data-path-to-node=\"3\">O Cine Mem\u00f3ria \u00e9 uma iniciativa que busca valorizar o audiovisual produzido em Guarulhos, facilitando o acesso da popula\u00e7\u00e3o a obras que discutem a identidade e a mem\u00f3ria local. Ap\u00f3s a exibi\u00e7\u00e3o, o espa\u00e7o promove o di\u00e1logo sobre a produ\u00e7\u00e3o cinematogr\u00e1fica e a preserva\u00e7\u00e3o da hist\u00f3ria cultural do munic\u00edpio.<\/p>\n<p style=\"text-align: justify;\" data-path-to-node=\"4\">O Arquivo Hist\u00f3rico Municipal est\u00e1 localizado na Avenida Monteiro Lobato, n\u00ba 734, na Vila Camargos. A entrada \u00e9 livre para todos os p\u00fablicos e n\u00e3o h\u00e1 necessidade de inscri\u00e7\u00e3o pr\u00e9via. Mais informa\u00e7\u00f5es podem ser obtidas pelo telefone (11) 2442-8723.<\/p>\n","protected":false},"excerpt":{"rendered":"<p>A Secretaria de Cultura e Turismo de Guarulhos realiza, na pr\u00f3xima ter\u00e7a-feira (05\/05), uma sess\u00e3o gratuita do projeto Cine Mem\u00f3ria no Arquivo Hist\u00f3rico Municipal Araci Borges Dias Martins. O evento, que come\u00e7a \u00e0s 19 horas, exibir\u00e1 o document\u00e1rio &#8220;Notas do Tempo: Seis D\u00e9cadas do Conservat\u00f3rio Municipal de Guarulhos&#8221;, primeiro epis\u00f3dio de uma webs\u00e9rie comemorativa sobre [&hellip;]<\/p>\n","protected":false},"author":1,"featured_media":30385,"comment_status":"open","ping_status":"open","sticky":false,"template":"","format":"standard","meta":{"footnotes":""},"categories":[2,13,3,47],"tags":[],"class_list":{"0":"post-30430","1":"post","2":"type-post","3":"status-publish","4":"format-standard","5":"has-post-thumbnail","7":"category-cidades","8":"category-cultura","9":"category-guarulhos","10":"category-turismo"},"_links":{"self":[{"href":"https:\/\/jm-metropole.com.br\/site\/wp-json\/wp\/v2\/posts\/30430","targetHints":{"allow":["GET"]}}],"collection":[{"href":"https:\/\/jm-metropole.com.br\/site\/wp-json\/wp\/v2\/posts"}],"about":[{"href":"https:\/\/jm-metropole.com.br\/site\/wp-json\/wp\/v2\/types\/post"}],"author":[{"embeddable":true,"href":"https:\/\/jm-metropole.com.br\/site\/wp-json\/wp\/v2\/users\/1"}],"replies":[{"embeddable":true,"href":"https:\/\/jm-metropole.com.br\/site\/wp-json\/wp\/v2\/comments?post=30430"}],"version-history":[{"count":1,"href":"https:\/\/jm-metropole.com.br\/site\/wp-json\/wp\/v2\/posts\/30430\/revisions"}],"predecessor-version":[{"id":30431,"href":"https:\/\/jm-metropole.com.br\/site\/wp-json\/wp\/v2\/posts\/30430\/revisions\/30431"}],"wp:featuredmedia":[{"embeddable":true,"href":"https:\/\/jm-metropole.com.br\/site\/wp-json\/wp\/v2\/media\/30385"}],"wp:attachment":[{"href":"https:\/\/jm-metropole.com.br\/site\/wp-json\/wp\/v2\/media?parent=30430"}],"wp:term":[{"taxonomy":"category","embeddable":true,"href":"https:\/\/jm-metropole.com.br\/site\/wp-json\/wp\/v2\/categories?post=30430"},{"taxonomy":"post_tag","embeddable":true,"href":"https:\/\/jm-metropole.com.br\/site\/wp-json\/wp\/v2\/tags?post=30430"}],"curies":[{"name":"wp","href":"https:\/\/api.w.org\/{rel}","templated":true}]}}