{"id":30424,"date":"2026-04-29T15:16:54","date_gmt":"2026-04-29T18:16:54","guid":{"rendered":"https:\/\/jm-metropole.com.br\/site\/?p=30424"},"modified":"2026-04-29T15:16:54","modified_gmt":"2026-04-29T18:16:54","slug":"aruja-celebra-bem-estar-animal-com-sucesso-na-caminhada-pet","status":"publish","type":"post","link":"https:\/\/jm-metropole.com.br\/site\/aruja-celebra-bem-estar-animal-com-sucesso-na-caminhada-pet\/","title":{"rendered":"ARUJ\u00c1 CELEBRA BEM-ESTAR ANIMAL COM SUCESSO NA CAMINHADA PET"},"content":{"rendered":"<p style=\"text-align: justify;\" data-path-to-node=\"1\">A Avenida Amazonas, em Aruj\u00e1, foi palco de um evento que uniu lazer, sa\u00fade e conscientiza\u00e7\u00e3o em prol da causa animal no \u00faltimo domingo (26\/04). A \u201cCaminhada Pet\u201d, organizada pela Secretaria Municipal de Esportes, mobilizou cerca de mil pessoas em uma iniciativa que refor\u00e7ou a import\u00e2ncia da prote\u00e7\u00e3o e do respeito aos animais de estima\u00e7\u00e3o na cidade.<\/p>\n<p style=\"text-align: justify;\" data-path-to-node=\"2\"><img loading=\"lazy\" decoding=\"async\" class=\"alignleft size-medium wp-image-30410\" src=\"https:\/\/jm-metropole.com.br\/site\/wp-content\/uploads\/2026\/04\/WhatsApp-Image-2026-04-29-at-12.04.20-300x200.jpeg\" alt=\"\" width=\"300\" height=\"200\" srcset=\"https:\/\/jm-metropole.com.br\/site\/wp-content\/uploads\/2026\/04\/WhatsApp-Image-2026-04-29-at-12.04.20-300x200.jpeg 300w, https:\/\/jm-metropole.com.br\/site\/wp-content\/uploads\/2026\/04\/WhatsApp-Image-2026-04-29-at-12.04.20-1024x682.jpeg 1024w, https:\/\/jm-metropole.com.br\/site\/wp-content\/uploads\/2026\/04\/WhatsApp-Image-2026-04-29-at-12.04.20-768x512.jpeg 768w, https:\/\/jm-metropole.com.br\/site\/wp-content\/uploads\/2026\/04\/WhatsApp-Image-2026-04-29-at-12.04.20-1536x1023.jpeg 1536w, https:\/\/jm-metropole.com.br\/site\/wp-content\/uploads\/2026\/04\/WhatsApp-Image-2026-04-29-at-12.04.20-150x100.jpeg 150w, https:\/\/jm-metropole.com.br\/site\/wp-content\/uploads\/2026\/04\/WhatsApp-Image-2026-04-29-at-12.04.20-600x400.jpeg 600w, https:\/\/jm-metropole.com.br\/site\/wp-content\/uploads\/2026\/04\/WhatsApp-Image-2026-04-29-at-12.04.20-696x464.jpeg 696w, https:\/\/jm-metropole.com.br\/site\/wp-content\/uploads\/2026\/04\/WhatsApp-Image-2026-04-29-at-12.04.20-1392x927.jpeg 1392w, https:\/\/jm-metropole.com.br\/site\/wp-content\/uploads\/2026\/04\/WhatsApp-Image-2026-04-29-at-12.04.20-1068x712.jpeg 1068w, https:\/\/jm-metropole.com.br\/site\/wp-content\/uploads\/2026\/04\/WhatsApp-Image-2026-04-29-at-12.04.20-630x420.jpeg 630w, https:\/\/jm-metropole.com.br\/site\/wp-content\/uploads\/2026\/04\/WhatsApp-Image-2026-04-29-at-12.04.20-1261x840.jpeg 1261w, https:\/\/jm-metropole.com.br\/site\/wp-content\/uploads\/2026\/04\/WhatsApp-Image-2026-04-29-at-12.04.20.jpeg 1600w\" sizes=\"auto, (max-width: 300px) 100vw, 300px\" \/>A concentra\u00e7\u00e3o teve in\u00edcio \u00e0s 8 horas da manh\u00e3, em frente ao parquinho da avenida, proporcionando um espa\u00e7o de integra\u00e7\u00e3o para fam\u00edlias e seus pets. Os participantes que realizaram a inscri\u00e7\u00e3o antecipada receberam camisetas oficiais do evento, entregues no Gin\u00e1sio Municipal Habib Tannuri, simbolizando o apoio \u00e0 causa.<\/p>\n<p style=\"text-align: justify;\" data-path-to-node=\"3\">Al\u00e9m de promover a atividade f\u00edsica e a conviv\u00eancia entre tutores e animais, a caminhada teve um importante vi\u00e9s solid\u00e1rio. A organiza\u00e7\u00e3o incentivou a doa\u00e7\u00e3o volunt\u00e1ria de ra\u00e7\u00e3o para c\u00e3es e gatos, e o material arrecadado ser\u00e1 integralmente destinado a a\u00e7\u00f5es de apoio, beneficiando organiza\u00e7\u00f5es e abrigos locais que cuidam de animais abandonados ou em situa\u00e7\u00e3o de vulnerabilidade.<\/p>\n<p style=\"text-align: justify;\" data-path-to-node=\"4\">O sucesso de p\u00fablico demonstrou o engajamento da popula\u00e7\u00e3o de Aruj\u00e1 com a tem\u00e1tica do bem-estar animal. Durante o evento, tamb\u00e9m foram refor\u00e7adas orienta\u00e7\u00f5es sobre a posse respons\u00e1vel e a necessidade de identificar e denunciar casos de maus-tratos, consolidando a iniciativa como um marco educativo e social para o munic\u00edpio.<\/p>\n","protected":false},"excerpt":{"rendered":"<p>A Avenida Amazonas, em Aruj\u00e1, foi palco de um evento que uniu lazer, sa\u00fade e conscientiza\u00e7\u00e3o em prol da causa animal no \u00faltimo domingo (26\/04). A \u201cCaminhada Pet\u201d, organizada pela Secretaria Municipal de Esportes, mobilizou cerca de mil pessoas em uma iniciativa que refor\u00e7ou a import\u00e2ncia da prote\u00e7\u00e3o e do respeito aos animais de estima\u00e7\u00e3o [&hellip;]<\/p>\n","protected":false},"author":1,"featured_media":30409,"comment_status":"open","ping_status":"open","sticky":false,"template":"","format":"standard","meta":{"footnotes":""},"categories":[4,2],"tags":[],"class_list":{"0":"post-30424","1":"post","2":"type-post","3":"status-publish","4":"format-standard","5":"has-post-thumbnail","7":"category-aruja","8":"category-cidades"},"_links":{"self":[{"href":"https:\/\/jm-metropole.com.br\/site\/wp-json\/wp\/v2\/posts\/30424","targetHints":{"allow":["GET"]}}],"collection":[{"href":"https:\/\/jm-metropole.com.br\/site\/wp-json\/wp\/v2\/posts"}],"about":[{"href":"https:\/\/jm-metropole.com.br\/site\/wp-json\/wp\/v2\/types\/post"}],"author":[{"embeddable":true,"href":"https:\/\/jm-metropole.com.br\/site\/wp-json\/wp\/v2\/users\/1"}],"replies":[{"embeddable":true,"href":"https:\/\/jm-metropole.com.br\/site\/wp-json\/wp\/v2\/comments?post=30424"}],"version-history":[{"count":1,"href":"https:\/\/jm-metropole.com.br\/site\/wp-json\/wp\/v2\/posts\/30424\/revisions"}],"predecessor-version":[{"id":30425,"href":"https:\/\/jm-metropole.com.br\/site\/wp-json\/wp\/v2\/posts\/30424\/revisions\/30425"}],"wp:featuredmedia":[{"embeddable":true,"href":"https:\/\/jm-metropole.com.br\/site\/wp-json\/wp\/v2\/media\/30409"}],"wp:attachment":[{"href":"https:\/\/jm-metropole.com.br\/site\/wp-json\/wp\/v2\/media?parent=30424"}],"wp:term":[{"taxonomy":"category","embeddable":true,"href":"https:\/\/jm-metropole.com.br\/site\/wp-json\/wp\/v2\/categories?post=30424"},{"taxonomy":"post_tag","embeddable":true,"href":"https:\/\/jm-metropole.com.br\/site\/wp-json\/wp\/v2\/tags?post=30424"}],"curies":[{"name":"wp","href":"https:\/\/api.w.org\/{rel}","templated":true}]}}