{"id":30420,"date":"2026-04-29T14:57:53","date_gmt":"2026-04-29T17:57:53","guid":{"rendered":"https:\/\/jm-metropole.com.br\/site\/?p=30420"},"modified":"2026-04-29T14:57:53","modified_gmt":"2026-04-29T17:57:53","slug":"corrida-do-trabalhador-de-guararema-tera-feira-gastronomica-e-show-ao-vivo","status":"publish","type":"post","link":"https:\/\/jm-metropole.com.br\/site\/corrida-do-trabalhador-de-guararema-tera-feira-gastronomica-e-show-ao-vivo\/","title":{"rendered":"CORRIDA DO TRABALHADOR DE GUARAREMA TER\u00c1 FEIRA GASTRON\u00d4MICA E SHOW AO VIVO"},"content":{"rendered":"<div id=\"model-response-message-contentr_7ae0510451f99cab\" class=\"markdown markdown-main-panel enable-updated-hr-color\" dir=\"ltr\" style=\"text-align: justify;\" aria-live=\"polite\" aria-busy=\"false\">\n<p data-path-to-node=\"1\">A tradicional Corrida do Trabalhador Maria Jos\u00e9 da Silva Guerreiro \u2013 Mas\u00e9 movimenta Guararema nesta sexta-feira, feriado de 1\u00ba de maio. Com largada marcada para as 20 horas, a prova noturna de seis quil\u00f4metros ter\u00e1 como ponto central o Complexo Esportivo Paulo Geanetti Machado, no Centro, onde o p\u00fablico poder\u00e1 aproveitar uma programa\u00e7\u00e3o gratuita com feira gastron\u00f4mica e show musical.<\/p>\n<p data-path-to-node=\"2\"><img loading=\"lazy\" decoding=\"async\" class=\"alignleft size-medium wp-image-30388\" src=\"https:\/\/jm-metropole.com.br\/site\/wp-content\/uploads\/2026\/04\/WhatsApp-Image-2026-04-29-at-12.10.12-1-300x200.jpeg\" alt=\"\" width=\"300\" height=\"200\" srcset=\"https:\/\/jm-metropole.com.br\/site\/wp-content\/uploads\/2026\/04\/WhatsApp-Image-2026-04-29-at-12.10.12-1-300x200.jpeg 300w, https:\/\/jm-metropole.com.br\/site\/wp-content\/uploads\/2026\/04\/WhatsApp-Image-2026-04-29-at-12.10.12-1-1024x683.jpeg 1024w, https:\/\/jm-metropole.com.br\/site\/wp-content\/uploads\/2026\/04\/WhatsApp-Image-2026-04-29-at-12.10.12-1-768x512.jpeg 768w, https:\/\/jm-metropole.com.br\/site\/wp-content\/uploads\/2026\/04\/WhatsApp-Image-2026-04-29-at-12.10.12-1-1536x1024.jpeg 1536w, https:\/\/jm-metropole.com.br\/site\/wp-content\/uploads\/2026\/04\/WhatsApp-Image-2026-04-29-at-12.10.12-1-150x100.jpeg 150w, https:\/\/jm-metropole.com.br\/site\/wp-content\/uploads\/2026\/04\/WhatsApp-Image-2026-04-29-at-12.10.12-1-600x400.jpeg 600w, https:\/\/jm-metropole.com.br\/site\/wp-content\/uploads\/2026\/04\/WhatsApp-Image-2026-04-29-at-12.10.12-1-696x464.jpeg 696w, https:\/\/jm-metropole.com.br\/site\/wp-content\/uploads\/2026\/04\/WhatsApp-Image-2026-04-29-at-12.10.12-1-1392x928.jpeg 1392w, https:\/\/jm-metropole.com.br\/site\/wp-content\/uploads\/2026\/04\/WhatsApp-Image-2026-04-29-at-12.10.12-1-1068x712.jpeg 1068w, https:\/\/jm-metropole.com.br\/site\/wp-content\/uploads\/2026\/04\/WhatsApp-Image-2026-04-29-at-12.10.12-1-630x420.jpeg 630w, https:\/\/jm-metropole.com.br\/site\/wp-content\/uploads\/2026\/04\/WhatsApp-Image-2026-04-29-at-12.10.12-1-1260x840.jpeg 1260w, https:\/\/jm-metropole.com.br\/site\/wp-content\/uploads\/2026\/04\/WhatsApp-Image-2026-04-29-at-12.10.12-1.jpeg 1600w\" sizes=\"auto, (max-width: 300px) 100vw, 300px\" \/>Os atletas j\u00e1 inscritos devem retirar seus kits no mesmo dia da prova, das 13 \u00e0s 18 horas, na sede do Guararema Futebol Clube, localizada na Rua Dona Laurinda, 235. A inscri\u00e7\u00e3o para moradores foi validada mediante a doa\u00e7\u00e3o de um cobertor novo, que ser\u00e1 destinado \u00e0s campanhas de assist\u00eancia do Fundo Social de Solidariedade do munic\u00edpio.<\/p>\n<p data-path-to-node=\"3\">Para a realiza\u00e7\u00e3o do evento, haver\u00e1 interdi\u00e7\u00e3o no tr\u00e2nsito entre as ruas Dezenove de Setembro e Jo\u00e3o Barbosa de Oliveira, das 19 \u00e0s 22 horas. A prefeitura orienta os motoristas a utilizarem rotas alternativas durante o per\u00edodo da competi\u00e7\u00e3o. Paralelamente \u00e0 corrida, a Feira Noturna Gastron\u00f4mica funcionar\u00e1 em hor\u00e1rio especial, das 16 \u00e0s 23 horas, oferecendo diversas op\u00e7\u00f5es de alimenta\u00e7\u00e3o e show ao vivo com a banda True Colors.<\/p>\n<p data-path-to-node=\"4\">Organizada pela Secretaria Municipal de Esportes, Lazer e Qualidade de Vida, a corrida homenageia a mem\u00f3ria de Mas\u00e9, antiga chefe de trem do passeio tur\u00edstico local, falecida em 2024. O evento conta com o apoio das empresas Esportes ON, CK Eventos e do Fundo Social de Solidariedade, consolidando-se como uma das principais celebra\u00e7\u00f5es esportivas e sociais do feriado na regi\u00e3o.<\/p>\n<\/div>\n","protected":false},"excerpt":{"rendered":"<p>A tradicional Corrida do Trabalhador Maria Jos\u00e9 da Silva Guerreiro \u2013 Mas\u00e9 movimenta Guararema nesta sexta-feira, feriado de 1\u00ba de maio. Com largada marcada para as 20 horas, a prova noturna de seis quil\u00f4metros ter\u00e1 como ponto central o Complexo Esportivo Paulo Geanetti Machado, no Centro, onde o p\u00fablico poder\u00e1 aproveitar uma programa\u00e7\u00e3o gratuita com [&hellip;]<\/p>\n","protected":false},"author":1,"featured_media":30389,"comment_status":"open","ping_status":"open","sticky":false,"template":"","format":"standard","meta":{"footnotes":""},"categories":[2,12,8,47],"tags":[],"class_list":{"0":"post-30420","1":"post","2":"type-post","3":"status-publish","4":"format-standard","5":"has-post-thumbnail","7":"category-cidades","8":"category-esporte","9":"category-guararema","10":"category-turismo"},"_links":{"self":[{"href":"https:\/\/jm-metropole.com.br\/site\/wp-json\/wp\/v2\/posts\/30420","targetHints":{"allow":["GET"]}}],"collection":[{"href":"https:\/\/jm-metropole.com.br\/site\/wp-json\/wp\/v2\/posts"}],"about":[{"href":"https:\/\/jm-metropole.com.br\/site\/wp-json\/wp\/v2\/types\/post"}],"author":[{"embeddable":true,"href":"https:\/\/jm-metropole.com.br\/site\/wp-json\/wp\/v2\/users\/1"}],"replies":[{"embeddable":true,"href":"https:\/\/jm-metropole.com.br\/site\/wp-json\/wp\/v2\/comments?post=30420"}],"version-history":[{"count":1,"href":"https:\/\/jm-metropole.com.br\/site\/wp-json\/wp\/v2\/posts\/30420\/revisions"}],"predecessor-version":[{"id":30421,"href":"https:\/\/jm-metropole.com.br\/site\/wp-json\/wp\/v2\/posts\/30420\/revisions\/30421"}],"wp:featuredmedia":[{"embeddable":true,"href":"https:\/\/jm-metropole.com.br\/site\/wp-json\/wp\/v2\/media\/30389"}],"wp:attachment":[{"href":"https:\/\/jm-metropole.com.br\/site\/wp-json\/wp\/v2\/media?parent=30420"}],"wp:term":[{"taxonomy":"category","embeddable":true,"href":"https:\/\/jm-metropole.com.br\/site\/wp-json\/wp\/v2\/categories?post=30420"},{"taxonomy":"post_tag","embeddable":true,"href":"https:\/\/jm-metropole.com.br\/site\/wp-json\/wp\/v2\/tags?post=30420"}],"curies":[{"name":"wp","href":"https:\/\/api.w.org\/{rel}","templated":true}]}}