{"id":30418,"date":"2026-04-29T14:23:54","date_gmt":"2026-04-29T17:23:54","guid":{"rendered":"https:\/\/jm-metropole.com.br\/site\/?p=30418"},"modified":"2026-04-29T14:23:54","modified_gmt":"2026-04-29T17:23:54","slug":"circuito-sesc-de-artes-reune-cerca-de-3-mil-pessoas-em-santa-isabel","status":"publish","type":"post","link":"https:\/\/jm-metropole.com.br\/site\/circuito-sesc-de-artes-reune-cerca-de-3-mil-pessoas-em-santa-isabel\/","title":{"rendered":"CIRCUITO SESC DE ARTES RE\u00daNE CERCA DE 3 MIL PESSOAS EM SANTA ISABEL"},"content":{"rendered":"<div id=\"model-response-message-contentr_aaede700497039a8\" class=\"markdown markdown-main-panel enable-updated-hr-color\" dir=\"ltr\" aria-live=\"polite\" aria-busy=\"false\">\n<p style=\"text-align: justify;\" data-path-to-node=\"1\">Santa Isabel recebeu, no \u00faltimo s\u00e1bado (25\/04), o Circuito Sesc de Artes, projeto que promove a\u00e7\u00f5es culturais gratuitas em espa\u00e7os p\u00fablicos. O evento, realizado na Pra\u00e7a da Bandeira entre 16h e 20h, reuniu um p\u00fablico estimado em 3 mil pessoas, que acompanharam uma programa\u00e7\u00e3o diversificada envolvendo m\u00fasica, dan\u00e7a, m\u00e1gica e atividades educativas.<\/p>\n<p style=\"text-align: justify;\" data-path-to-node=\"2\"><img loading=\"lazy\" decoding=\"async\" class=\"alignright size-medium wp-image-30406\" src=\"https:\/\/jm-metropole.com.br\/site\/wp-content\/uploads\/2026\/04\/WhatsApp-Image-2026-04-29-at-12.05.44-300x225.jpeg\" alt=\"\" width=\"300\" height=\"225\" srcset=\"https:\/\/jm-metropole.com.br\/site\/wp-content\/uploads\/2026\/04\/WhatsApp-Image-2026-04-29-at-12.05.44-300x225.jpeg 300w, https:\/\/jm-metropole.com.br\/site\/wp-content\/uploads\/2026\/04\/WhatsApp-Image-2026-04-29-at-12.05.44-1024x768.jpeg 1024w, https:\/\/jm-metropole.com.br\/site\/wp-content\/uploads\/2026\/04\/WhatsApp-Image-2026-04-29-at-12.05.44-768x576.jpeg 768w, https:\/\/jm-metropole.com.br\/site\/wp-content\/uploads\/2026\/04\/WhatsApp-Image-2026-04-29-at-12.05.44-150x113.jpeg 150w, https:\/\/jm-metropole.com.br\/site\/wp-content\/uploads\/2026\/04\/WhatsApp-Image-2026-04-29-at-12.05.44-600x450.jpeg 600w, https:\/\/jm-metropole.com.br\/site\/wp-content\/uploads\/2026\/04\/WhatsApp-Image-2026-04-29-at-12.05.44-696x522.jpeg 696w, https:\/\/jm-metropole.com.br\/site\/wp-content\/uploads\/2026\/04\/WhatsApp-Image-2026-04-29-at-12.05.44-1068x801.jpeg 1068w, https:\/\/jm-metropole.com.br\/site\/wp-content\/uploads\/2026\/04\/WhatsApp-Image-2026-04-29-at-12.05.44-560x420.jpeg 560w, https:\/\/jm-metropole.com.br\/site\/wp-content\/uploads\/2026\/04\/WhatsApp-Image-2026-04-29-at-12.05.44-1120x840.jpeg 1120w, https:\/\/jm-metropole.com.br\/site\/wp-content\/uploads\/2026\/04\/WhatsApp-Image-2026-04-29-at-12.05.44-80x60.jpeg 80w, https:\/\/jm-metropole.com.br\/site\/wp-content\/uploads\/2026\/04\/WhatsApp-Image-2026-04-29-at-12.05.44-160x120.jpeg 160w, https:\/\/jm-metropole.com.br\/site\/wp-content\/uploads\/2026\/04\/WhatsApp-Image-2026-04-29-at-12.05.44-265x198.jpeg 265w, https:\/\/jm-metropole.com.br\/site\/wp-content\/uploads\/2026\/04\/WhatsApp-Image-2026-04-29-at-12.05.44-530x396.jpeg 530w, https:\/\/jm-metropole.com.br\/site\/wp-content\/uploads\/2026\/04\/WhatsApp-Image-2026-04-29-at-12.05.44.jpeg 1280w\" sizes=\"auto, (max-width: 300px) 100vw, 300px\" \/>Durante a tarde e in\u00edcio da noite, a popula\u00e7\u00e3o prestigiou apresenta\u00e7\u00f5es do DJ Nelson Ma\u00e7\u00e3, do grupo As Comadres e do Coletivo Estop\u00f4 Balaio. A programa\u00e7\u00e3o contou ainda com interven\u00e7\u00f5es de ilusionismo do grupo \u00c1s M\u00e1gica e oficinas coordenadas por Azuka, Mauro Tanaka e Rodrigo Motta. A iniciativa busca enaltecer a diversidade cultural brasileira e valorizar a produ\u00e7\u00e3o art\u00edstica em diferentes linguagens.<\/p>\n<p style=\"text-align: justify;\" data-path-to-node=\"3\">A parada em Santa Isabel faz parte de um roteiro que abrange 133 cidades na Grande S\u00e3o Paulo, interior e litoral paulista. O projeto tem como objetivo democratizar o acesso \u00e0 cultura e transformar pra\u00e7as e parques em polos de conviv\u00eancia e lazer para comunidades de diversas regi\u00f5es do estado.<\/p>\n<p style=\"text-align: justify;\" data-path-to-node=\"4\"><img loading=\"lazy\" decoding=\"async\" class=\"alignleft wp-image-30405 \" src=\"https:\/\/jm-metropole.com.br\/site\/wp-content\/uploads\/2026\/04\/WhatsApp-Image-2026-04-29-at-12.05.44-1-300x169.jpeg\" alt=\"\" width=\"310\" height=\"175\" srcset=\"https:\/\/jm-metropole.com.br\/site\/wp-content\/uploads\/2026\/04\/WhatsApp-Image-2026-04-29-at-12.05.44-1-300x169.jpeg 300w, https:\/\/jm-metropole.com.br\/site\/wp-content\/uploads\/2026\/04\/WhatsApp-Image-2026-04-29-at-12.05.44-1-1024x576.jpeg 1024w, https:\/\/jm-metropole.com.br\/site\/wp-content\/uploads\/2026\/04\/WhatsApp-Image-2026-04-29-at-12.05.44-1-768x432.jpeg 768w, https:\/\/jm-metropole.com.br\/site\/wp-content\/uploads\/2026\/04\/WhatsApp-Image-2026-04-29-at-12.05.44-1-150x84.jpeg 150w, https:\/\/jm-metropole.com.br\/site\/wp-content\/uploads\/2026\/04\/WhatsApp-Image-2026-04-29-at-12.05.44-1-600x338.jpeg 600w, https:\/\/jm-metropole.com.br\/site\/wp-content\/uploads\/2026\/04\/WhatsApp-Image-2026-04-29-at-12.05.44-1-696x392.jpeg 696w, https:\/\/jm-metropole.com.br\/site\/wp-content\/uploads\/2026\/04\/WhatsApp-Image-2026-04-29-at-12.05.44-1-1068x601.jpeg 1068w, https:\/\/jm-metropole.com.br\/site\/wp-content\/uploads\/2026\/04\/WhatsApp-Image-2026-04-29-at-12.05.44-1-747x420.jpeg 747w, https:\/\/jm-metropole.com.br\/site\/wp-content\/uploads\/2026\/04\/WhatsApp-Image-2026-04-29-at-12.05.44-1.jpeg 1280w\" sizes=\"auto, (max-width: 310px) 100vw, 310px\" \/>A realiza\u00e7\u00e3o do evento no munic\u00edpio foi viabilizada por meio de uma parceria entre o Sesc S\u00e3o Paulo e a Prefeitura de Santa Isabel, atrav\u00e9s da Secretaria Municipal de Cultura. A administra\u00e7\u00e3o municipal destacou a import\u00e2ncia de receber projetos deste porte para o fortalecimento do cen\u00e1rio cultural local e o entretenimento das fam\u00edlias isabelenses.<\/p>\n<\/div>\n","protected":false},"excerpt":{"rendered":"<p>Santa Isabel recebeu, no \u00faltimo s\u00e1bado (25\/04), o Circuito Sesc de Artes, projeto que promove a\u00e7\u00f5es culturais gratuitas em espa\u00e7os p\u00fablicos. O evento, realizado na Pra\u00e7a da Bandeira entre 16h e 20h, reuniu um p\u00fablico estimado em 3 mil pessoas, que acompanharam uma programa\u00e7\u00e3o diversificada envolvendo m\u00fasica, dan\u00e7a, m\u00e1gica e atividades educativas. Durante a tarde [&hellip;]<\/p>\n","protected":false},"author":1,"featured_media":30404,"comment_status":"open","ping_status":"open","sticky":false,"template":"","format":"standard","meta":{"footnotes":""},"categories":[2,13,5],"tags":[],"class_list":{"0":"post-30418","1":"post","2":"type-post","3":"status-publish","4":"format-standard","5":"has-post-thumbnail","7":"category-cidades","8":"category-cultura","9":"category-santa-isabel"},"_links":{"self":[{"href":"https:\/\/jm-metropole.com.br\/site\/wp-json\/wp\/v2\/posts\/30418","targetHints":{"allow":["GET"]}}],"collection":[{"href":"https:\/\/jm-metropole.com.br\/site\/wp-json\/wp\/v2\/posts"}],"about":[{"href":"https:\/\/jm-metropole.com.br\/site\/wp-json\/wp\/v2\/types\/post"}],"author":[{"embeddable":true,"href":"https:\/\/jm-metropole.com.br\/site\/wp-json\/wp\/v2\/users\/1"}],"replies":[{"embeddable":true,"href":"https:\/\/jm-metropole.com.br\/site\/wp-json\/wp\/v2\/comments?post=30418"}],"version-history":[{"count":1,"href":"https:\/\/jm-metropole.com.br\/site\/wp-json\/wp\/v2\/posts\/30418\/revisions"}],"predecessor-version":[{"id":30419,"href":"https:\/\/jm-metropole.com.br\/site\/wp-json\/wp\/v2\/posts\/30418\/revisions\/30419"}],"wp:featuredmedia":[{"embeddable":true,"href":"https:\/\/jm-metropole.com.br\/site\/wp-json\/wp\/v2\/media\/30404"}],"wp:attachment":[{"href":"https:\/\/jm-metropole.com.br\/site\/wp-json\/wp\/v2\/media?parent=30418"}],"wp:term":[{"taxonomy":"category","embeddable":true,"href":"https:\/\/jm-metropole.com.br\/site\/wp-json\/wp\/v2\/categories?post=30418"},{"taxonomy":"post_tag","embeddable":true,"href":"https:\/\/jm-metropole.com.br\/site\/wp-json\/wp\/v2\/tags?post=30418"}],"curies":[{"name":"wp","href":"https:\/\/api.w.org\/{rel}","templated":true}]}}