{"id":30416,"date":"2026-04-29T14:15:38","date_gmt":"2026-04-29T17:15:38","guid":{"rendered":"https:\/\/jm-metropole.com.br\/site\/?p=30416"},"modified":"2026-04-29T14:15:38","modified_gmt":"2026-04-29T17:15:38","slug":"sesc-mogi-reune-roda-de-conversa-tecnologia-musica-e-baile-nesta-semana","status":"publish","type":"post","link":"https:\/\/jm-metropole.com.br\/site\/sesc-mogi-reune-roda-de-conversa-tecnologia-musica-e-baile-nesta-semana\/","title":{"rendered":"SESC MOGI RE\u00daNE RODA DE CONVERSA, TECNOLOGIA, M\u00daSICA E BAILE NESTA SEMANA"},"content":{"rendered":"<div id=\"model-response-message-contentr_f0563cfcc22dd8bc\" class=\"markdown markdown-main-panel enable-updated-hr-color\" dir=\"ltr\" style=\"text-align: justify;\" aria-live=\"polite\" aria-busy=\"false\">\n<p data-path-to-node=\"1\">Entre os dias 28 e 30 de abril, o Sesc Mogi das Cruzes promove uma programa\u00e7\u00e3o diversificada que abrange sustentabilidade, inova\u00e7\u00e3o e cultura brasileira. As atividades, que possuem entrada gratuita, incluem debates socioambientais, viv\u00eancias em fabrica\u00e7\u00e3o digital e apresenta\u00e7\u00f5es musicais voltadas a diferentes faixas et\u00e1rias.<\/p>\n<p data-path-to-node=\"2\"><img loading=\"lazy\" decoding=\"async\" class=\"alignright size-medium wp-image-30414\" src=\"https:\/\/jm-metropole.com.br\/site\/wp-content\/uploads\/2026\/04\/WhatsApp-Image-2026-04-29-at-12.02.19-300x216.jpeg\" alt=\"\" width=\"300\" height=\"216\" srcset=\"https:\/\/jm-metropole.com.br\/site\/wp-content\/uploads\/2026\/04\/WhatsApp-Image-2026-04-29-at-12.02.19-300x216.jpeg 300w, https:\/\/jm-metropole.com.br\/site\/wp-content\/uploads\/2026\/04\/WhatsApp-Image-2026-04-29-at-12.02.19-1024x736.jpeg 1024w, https:\/\/jm-metropole.com.br\/site\/wp-content\/uploads\/2026\/04\/WhatsApp-Image-2026-04-29-at-12.02.19-768x552.jpeg 768w, https:\/\/jm-metropole.com.br\/site\/wp-content\/uploads\/2026\/04\/WhatsApp-Image-2026-04-29-at-12.02.19-150x108.jpeg 150w, https:\/\/jm-metropole.com.br\/site\/wp-content\/uploads\/2026\/04\/WhatsApp-Image-2026-04-29-at-12.02.19-600x431.jpeg 600w, https:\/\/jm-metropole.com.br\/site\/wp-content\/uploads\/2026\/04\/WhatsApp-Image-2026-04-29-at-12.02.19-696x500.jpeg 696w, https:\/\/jm-metropole.com.br\/site\/wp-content\/uploads\/2026\/04\/WhatsApp-Image-2026-04-29-at-12.02.19-1068x768.jpeg 1068w, https:\/\/jm-metropole.com.br\/site\/wp-content\/uploads\/2026\/04\/WhatsApp-Image-2026-04-29-at-12.02.19-584x420.jpeg 584w, https:\/\/jm-metropole.com.br\/site\/wp-content\/uploads\/2026\/04\/WhatsApp-Image-2026-04-29-at-12.02.19-1169x840.jpeg 1169w, https:\/\/jm-metropole.com.br\/site\/wp-content\/uploads\/2026\/04\/WhatsApp-Image-2026-04-29-at-12.02.19.jpeg 1280w\" sizes=\"auto, (max-width: 300px) 100vw, 300px\" \/>A programa\u00e7\u00e3o teve in\u00edcio na ter\u00e7a-feira (28) com a roda de conversa Entre Rios, mediada pela agente de educa\u00e7\u00e3o ambiental Karina Motta. O debate utilizou obras liter\u00e1rias para discutir a rela\u00e7\u00e3o entre os rios brasileiros, o territ\u00f3rio e os desafios socioambientais contempor\u00e2neos. Na quarta-feira (29), o Espa\u00e7o de Tecnologias e Artes abre as portas para o Fab Lab, onde o p\u00fablico pode aprender sobre fabrica\u00e7\u00e3o digital, utilizando equipamentos como impressoras 3D e m\u00e1quinas de corte a laser de forma colaborativa.<\/p>\n<p data-path-to-node=\"3\">Ainda na quarta-feira, a unidade realiza o Baile do Sesc Mogi com Ana Cigarra e Banda. O show, especialmente planejado para o p\u00fablico acima de 60 anos, traz um repert\u00f3rio dan\u00e7ante que transita entre o bolero, forr\u00f3, lambada e cl\u00e1ssicos da disco music dos anos 70. Para encerrar a agenda da semana, na quinta-feira (30), o cantor Vinicius Davidovitch apresenta o show Luau do Davidovitch, com releituras de \u00edcones da m\u00fasica nacional como Gilberto Gil, Caetano Veloso e Lulu Santos.<\/p>\n<p data-path-to-node=\"4\">As atividades ocorrem em diferentes espa\u00e7os da unidade e possuem classifica\u00e7\u00f5es indicativas espec\u00edficas. Para as oficinas de tecnologia, as senhas s\u00e3o distribu\u00eddas com 30 minutos de anteced\u00eancia. O Sesc Mogi das Cruzes refor\u00e7a seu papel como polo de integra\u00e7\u00e3o cultural e social na regi\u00e3o, oferecendo op\u00e7\u00f5es de lazer e aprendizado para toda a comunidade.<\/p>\n<\/div>\n","protected":false},"excerpt":{"rendered":"<p>Entre os dias 28 e 30 de abril, o Sesc Mogi das Cruzes promove uma programa\u00e7\u00e3o diversificada que abrange sustentabilidade, inova\u00e7\u00e3o e cultura brasileira. As atividades, que possuem entrada gratuita, incluem debates socioambientais, viv\u00eancias em fabrica\u00e7\u00e3o digital e apresenta\u00e7\u00f5es musicais voltadas a diferentes faixas et\u00e1rias. A programa\u00e7\u00e3o teve in\u00edcio na ter\u00e7a-feira (28) com a roda [&hellip;]<\/p>\n","protected":false},"author":1,"featured_media":30413,"comment_status":"open","ping_status":"open","sticky":false,"template":"","format":"standard","meta":{"footnotes":""},"categories":[2,13,10],"tags":[],"class_list":{"0":"post-30416","1":"post","2":"type-post","3":"status-publish","4":"format-standard","5":"has-post-thumbnail","7":"category-cidades","8":"category-cultura","9":"category-mogi-das-cruzes"},"_links":{"self":[{"href":"https:\/\/jm-metropole.com.br\/site\/wp-json\/wp\/v2\/posts\/30416","targetHints":{"allow":["GET"]}}],"collection":[{"href":"https:\/\/jm-metropole.com.br\/site\/wp-json\/wp\/v2\/posts"}],"about":[{"href":"https:\/\/jm-metropole.com.br\/site\/wp-json\/wp\/v2\/types\/post"}],"author":[{"embeddable":true,"href":"https:\/\/jm-metropole.com.br\/site\/wp-json\/wp\/v2\/users\/1"}],"replies":[{"embeddable":true,"href":"https:\/\/jm-metropole.com.br\/site\/wp-json\/wp\/v2\/comments?post=30416"}],"version-history":[{"count":1,"href":"https:\/\/jm-metropole.com.br\/site\/wp-json\/wp\/v2\/posts\/30416\/revisions"}],"predecessor-version":[{"id":30417,"href":"https:\/\/jm-metropole.com.br\/site\/wp-json\/wp\/v2\/posts\/30416\/revisions\/30417"}],"wp:featuredmedia":[{"embeddable":true,"href":"https:\/\/jm-metropole.com.br\/site\/wp-json\/wp\/v2\/media\/30413"}],"wp:attachment":[{"href":"https:\/\/jm-metropole.com.br\/site\/wp-json\/wp\/v2\/media?parent=30416"}],"wp:term":[{"taxonomy":"category","embeddable":true,"href":"https:\/\/jm-metropole.com.br\/site\/wp-json\/wp\/v2\/categories?post=30416"},{"taxonomy":"post_tag","embeddable":true,"href":"https:\/\/jm-metropole.com.br\/site\/wp-json\/wp\/v2\/tags?post=30416"}],"curies":[{"name":"wp","href":"https:\/\/api.w.org\/{rel}","templated":true}]}}