{"id":30381,"date":"2026-04-29T14:11:55","date_gmt":"2026-04-29T17:11:55","guid":{"rendered":"https:\/\/jm-metropole.com.br\/site\/?p=30381"},"modified":"2026-04-29T14:11:55","modified_gmt":"2026-04-29T17:11:55","slug":"saspe-abre-inscricoes-para-curso-de-fotografia-e-divulgacao-no-whatsapp","status":"publish","type":"post","link":"https:\/\/jm-metropole.com.br\/site\/saspe-abre-inscricoes-para-curso-de-fotografia-e-divulgacao-no-whatsapp\/","title":{"rendered":"SASPE ABRE INSCRI\u00c7\u00d5ES PARA CURSO DE FOTOGRAFIA E DIVULGA\u00c7\u00c3O NO WHATSAPP"},"content":{"rendered":"<div id=\"model-response-message-contentr_72fd92bbfe79e76a\" class=\"markdown markdown-main-panel enable-updated-hr-color\" dir=\"ltr\" aria-live=\"polite\" aria-busy=\"false\">\n<p style=\"text-align: justify;\" data-path-to-node=\"1\">O Servi\u00e7o de A\u00e7\u00e3o Social e Projetos Especiais (Saspe) de Suzano abre, nesta quarta-feira (29\/04), as inscri\u00e7\u00f5es para o curso gratuito \u201cT\u00e9cnicas de Fotografia e Divulga\u00e7\u00e3o no WhatsApp\u201d. A capacita\u00e7\u00e3o, realizada em parceria com o Sebrae, oferece 45 vagas para moradores do munic\u00edpio com idade entre 18 e 60 anos. As aulas ocorrer\u00e3o nos dias 13 e 14 de maio, das 8 \u00e0s 12 horas, na sede do \u00f3rg\u00e3o.<\/p>\n<p style=\"text-align: justify;\" data-path-to-node=\"2\">O conte\u00fado program\u00e1tico abrange no\u00e7\u00f5es b\u00e1sicas de fotografia aplicada a vendas, t\u00e9cnicas de ilumina\u00e7\u00e3o e enquadramento com o celular, al\u00e9m de produ\u00e7\u00e3o de imagens para produtos e servi\u00e7os. Os participantes tamb\u00e9m aprender\u00e3o estrat\u00e9gias de divulga\u00e7\u00e3o e cria\u00e7\u00e3o de mensagens focadas em convers\u00e3o de vendas por meio de canais digitais.<\/p>\n<p style=\"text-align: justify;\" data-path-to-node=\"3\">As inscri\u00e7\u00f5es devem ser feitas de forma presencial na sede do Saspe, localizada na Rua General Francisco Glic\u00e9rio, 1.334, no Centro de Suzano. No ato da matr\u00edcula, \u00e9 necess\u00e1rio apresentar RG, CPF e comprovante de resid\u00eancia no munic\u00edpio. A iniciativa visa fornecer ferramentas pr\u00e1ticas para que empreendedores e trabalhadores aut\u00f4nomos aprimorem a apresenta\u00e7\u00e3o de seus neg\u00f3cios e ampliem o alcance de mercado.<\/p>\n<p style=\"text-align: justify;\" data-path-to-node=\"4\">Segundo a administra\u00e7\u00e3o municipal, a forma\u00e7\u00e3o busca orientar os moradores sobre como transformar o uso cotidiano do celular em uma oportunidade de gera\u00e7\u00e3o de renda. O curso foca em orientar o aluno a divulgar melhor seus produtos e servi\u00e7os, utilizando a tecnologia para potencializar as vendas e fortalecer o empreendedorismo local.<\/p>\n<p style=\"text-align: right;\" data-path-to-node=\"5\"><em>Cr\u00e9dito das fotos: Wanderley Costa<\/em><\/p>\n<\/div>\n","protected":false},"excerpt":{"rendered":"<p>O Servi\u00e7o de A\u00e7\u00e3o Social e Projetos Especiais (Saspe) de Suzano abre, nesta quarta-feira (29\/04), as inscri\u00e7\u00f5es para o curso gratuito \u201cT\u00e9cnicas de Fotografia e Divulga\u00e7\u00e3o no WhatsApp\u201d. A capacita\u00e7\u00e3o, realizada em parceria com o Sebrae, oferece 45 vagas para moradores do munic\u00edpio com idade entre 18 e 60 anos. As aulas ocorrer\u00e3o nos dias [&hellip;]<\/p>\n","protected":false},"author":1,"featured_media":30402,"comment_status":"open","ping_status":"open","sticky":false,"template":"","format":"standard","meta":{"footnotes":""},"categories":[2,9,20],"tags":[],"class_list":{"0":"post-30381","1":"post","2":"type-post","3":"status-publish","4":"format-standard","5":"has-post-thumbnail","7":"category-cidades","8":"category-suzano","9":"category-trabalho-e-emprego"},"_links":{"self":[{"href":"https:\/\/jm-metropole.com.br\/site\/wp-json\/wp\/v2\/posts\/30381","targetHints":{"allow":["GET"]}}],"collection":[{"href":"https:\/\/jm-metropole.com.br\/site\/wp-json\/wp\/v2\/posts"}],"about":[{"href":"https:\/\/jm-metropole.com.br\/site\/wp-json\/wp\/v2\/types\/post"}],"author":[{"embeddable":true,"href":"https:\/\/jm-metropole.com.br\/site\/wp-json\/wp\/v2\/users\/1"}],"replies":[{"embeddable":true,"href":"https:\/\/jm-metropole.com.br\/site\/wp-json\/wp\/v2\/comments?post=30381"}],"version-history":[{"count":1,"href":"https:\/\/jm-metropole.com.br\/site\/wp-json\/wp\/v2\/posts\/30381\/revisions"}],"predecessor-version":[{"id":30415,"href":"https:\/\/jm-metropole.com.br\/site\/wp-json\/wp\/v2\/posts\/30381\/revisions\/30415"}],"wp:featuredmedia":[{"embeddable":true,"href":"https:\/\/jm-metropole.com.br\/site\/wp-json\/wp\/v2\/media\/30402"}],"wp:attachment":[{"href":"https:\/\/jm-metropole.com.br\/site\/wp-json\/wp\/v2\/media?parent=30381"}],"wp:term":[{"taxonomy":"category","embeddable":true,"href":"https:\/\/jm-metropole.com.br\/site\/wp-json\/wp\/v2\/categories?post=30381"},{"taxonomy":"post_tag","embeddable":true,"href":"https:\/\/jm-metropole.com.br\/site\/wp-json\/wp\/v2\/tags?post=30381"}],"curies":[{"name":"wp","href":"https:\/\/api.w.org\/{rel}","templated":true}]}}