{"id":30378,"date":"2026-04-29T11:57:29","date_gmt":"2026-04-29T14:57:29","guid":{"rendered":"https:\/\/jm-metropole.com.br\/site\/?p=30378"},"modified":"2026-04-29T11:57:29","modified_gmt":"2026-04-29T14:57:29","slug":"cnl-inicia-operacao-especial-para-o-feriado-do-dia-do-trabalhador-com-previsao-de-mais-de-13-milhao-de-veiculos","status":"publish","type":"post","link":"https:\/\/jm-metropole.com.br\/site\/cnl-inicia-operacao-especial-para-o-feriado-do-dia-do-trabalhador-com-previsao-de-mais-de-13-milhao-de-veiculos\/","title":{"rendered":"CNL inicia opera\u00e7\u00e3o especial para o feriado do Dia do Trabalhador com previs\u00e3o de mais de 1,3 milh\u00e3o de ve\u00edculos"},"content":{"rendered":"<div class=\"text-center py-4\" style=\"text-align: justify;\">\n<blockquote class=\"text-lg italic text-gray-500\"><p>Opera\u00e7\u00e3o come\u00e7a nesta quinta-feira (30) e segue at\u00e9 segunda-feira (4), com refor\u00e7o no monitoramento e no atendimento ao usu\u00e1rio<\/p><\/blockquote>\n<\/div>\n<p style=\"text-align: justify;\">A Concession\u00e1ria Novo Litoral (CNL) inicia, nesta quinta-feira (30\/04), o Plano Operacional Especial (POE) para o feriado do Dia do Trabalhador, celebrado em 1\u00ba de maio. A expectativa \u00e9 de que cerca de 1,3 milh\u00e3o de ve\u00edculos circulem por todo o corredor vi\u00e1rio administrado pela concession\u00e1ria at\u00e9 segunda-feira (04\/05), com grande concentra\u00e7\u00e3o nos acessos ao litoral.<\/p>\n<p style=\"text-align: justify;\">O fluxo de ve\u00edculos deve se distribuir ao longo de todo o sistema vi\u00e1rio, que conecta o Alto Tiet\u00ea, a Baixada Santista e o Vale do Ribeira. A Rodovia Pedro Eroles (Mogi-Dutra SP-088) registra o maior volume de tr\u00e1fego com destino ao interior e passagem pelo Alto Tiet\u00ea, enquanto as rodovias Dom Paulo Rolim Loureiro (Mogi-Bertioga\/SP-098) e os trechos da SP-055 \u2014 Doutor Manoel Hip\u00f3lito do Rego (Rio-Santos) e Padre Manoel da N\u00f3brega \u2014 s\u00e3o os principais acessos ao litoral paulista.<\/p>\n<p style=\"text-align: justify;\">O movimento de sa\u00edda deve come\u00e7ar a partir das 14h de quinta-feira (30\/04), com maior intensidade ao longo da sexta-feira (01\/05) e do s\u00e1bado (02\/05). No retorno, o tr\u00e1fego deve se concentrar ao longo de todo o domingo (03\/05), com movimento ainda relevante na segunda-feira (04\/05), \u00faltimo dia da opera\u00e7\u00e3o.<\/p>\n<p style=\"text-align: justify;\">O planejamento prev\u00ea refor\u00e7o de equipes e monitoramento cont\u00ednuo, garantindo mais agilidade nos atendimentos e maior fluidez no tr\u00e2nsito. A opera\u00e7\u00e3o \u00e9 realizada em alinhamento com a Artesp e com o apoio do Policiamento Rodovi\u00e1rio.<\/p>\n<p style=\"text-align: justify;\">\u201cA Concession\u00e1ria Novo Litoral est\u00e1 presente em todo o trajeto, com equipes posicionadas estrategicamente para garantir atendimento r\u00e1pido e efici\u00eancia operacional. Essa agilidade \u00e9 fundamental para o socorro ao usu\u00e1rio e para manter a fluidez do tr\u00e1fego, especialmente em per\u00edodos de maior movimento. Mas, planejar antes de sair de casa, \u00e9 essencial para uma viagem mais tranquila e segura\u201d, destaca o gerente de Opera\u00e7\u00f5es da CNL, Kaio Nascimento.<\/p>\n<p style=\"text-align: justify;\">Os usu\u00e1rios contam com atendimento 24 horas por meio do Centro de Controle Operacional (CCO) e pelo telefone 0800 098 88 55, al\u00e9m de bases do Servi\u00e7o de Atendimento ao Usu\u00e1rio (SAU) e equipes distribu\u00eddas estrategicamente ao longo das rodovias.<\/p>\n<p style=\"text-align: justify;\"><strong>Baixada Santista e Vale do Ribeira<\/strong><\/p>\n<p style=\"text-align: justify;\">Na SP-055, que compreende as rodovias Doutor Manoel Hip\u00f3lito do Rego (Rio-Santos) e Padre Manoel da N\u00f3brega, haver\u00e1 monitoramento intensivo do tr\u00e1fego, com acompanhamento em tempo real da forma\u00e7\u00e3o de filas e uso de Pain\u00e9is de Mensagens Vari\u00e1veis (PMVs) para orientar os motoristas, reduzir o risco de acidentes e melhorar a fluidez. A orienta\u00e7\u00e3o \u00e9 respeitar os limites de velocidade, reduzir a velocidade em trechos de maior movimento e evitar ultrapassagens em locais proibidos. Pedestres devem utilizar as passarelas para travessias seguras.<\/p>\n<p style=\"text-align: justify;\"><strong>Litoral e Alto Tiet\u00ea<\/strong><\/p>\n<p style=\"text-align: justify;\">Na rodovia Dom Paulo Rolim Loureiro (Mogi-Bertioga\/SP-098), poder\u00e1 ser implantado o sistema revers\u00edvel de amplia\u00e7\u00e3o de faixas, conforme a demanda, no sentido litoral. A via conecta diretamente \u00e0 SP-055, facilitando o acesso a Bertioga, \u00e0 Baixada Santista e ao Vale do Ribeira.<\/p>\n<p style=\"text-align: justify;\">Tamb\u00e9m haver\u00e1 restri\u00e7\u00e3o \u00e0 circula\u00e7\u00e3o de ve\u00edculos de carga de grande porte, conforme diretrizes dos \u00f3rg\u00e3os competentes, com suspens\u00e3o das autoriza\u00e7\u00f5es para transporte especial entre 0h de 30 de abril e 0h de 5 de maio.<\/p>\n<p style=\"text-align: justify;\">Na rodovia Pedro Eroles (Mogi-Dutra\/SP-088), a orienta\u00e7\u00e3o \u00e9 para que os motoristas redobrem a aten\u00e7\u00e3o \u00e0 sinaliza\u00e7\u00e3o e evitem ultrapassagens indevidas, reduzindo o risco de colis\u00f5es laterais ou traseiras.<\/p>\n<p style=\"text-align: justify;\"><strong>Previs\u00e3o de tr\u00e1fego por trecho:<\/strong><\/p>\n<p style=\"text-align: justify;\"><strong>SP-088 \u2013 Aruj\u00e1 \u00e0 Mogi das Cruzes \u2013 Volume de tr\u00e1fego:\u00a0<\/strong>cerca de 440.000<\/p>\n<p style=\"text-align: justify;\"><strong>SP-098 \u2013 Mogi das Cruzes \u00e1 Bertioga \u2013 Volume de tr\u00e1fego:\u00a0<\/strong>cerca de 210.000<\/p>\n<p style=\"text-align: justify;\"><strong>SP-055 \u2013 Bertioga \u00e0 Santos \u2013 Volume de tr\u00e1fego:\u00a0<\/strong>cerca de 240.000<\/p>\n<p style=\"text-align: justify;\"><strong>SP-055 \u2013 Praia Grande \u00e0 Miracatu \u2013 Volume de tr\u00e1fego:\u00a0<\/strong>cerca de 410.000<\/p>\n<p style=\"text-align: justify;\"><strong>Total aproximado:\u00a0<\/strong>1.300.000<\/p>\n<p style=\"text-align: justify;\"><strong>Seguran\u00e7a e orienta\u00e7\u00e3o<\/strong><\/p>\n<p style=\"text-align: justify;\">A concession\u00e1ria refor\u00e7a a import\u00e2ncia da condu\u00e7\u00e3o respons\u00e1vel. Respeitar a sinaliza\u00e7\u00e3o, manter dist\u00e2ncia segura, revisar as condi\u00e7\u00f5es do ve\u00edculo antes da viagem e evitar dirigir sob efeito de \u00e1lcool s\u00e3o atitudes fundamentais para prevenir acidentes. O uso do cinto de seguran\u00e7a \u00e9 obrigat\u00f3rio para todos os ocupantes, e crian\u00e7as devem ser transportadas com dispositivos adequados.<\/p>\n<p style=\"text-align: justify;\"><strong>Ped\u00e1gio eletr\u00f4nico<\/strong><\/p>\n<p style=\"text-align: justify;\">As rodovias sob concess\u00e3o operam com sistema 100% eletr\u00f4nico de ped\u00e1gio. O pagamento pode ser feito por meio de tags autom\u00e1ticas, pelo site novolitoral.com.br ou pelo app CNL Novo Litoral. Informa\u00e7\u00f5es sobre tarifas, descontos e isen\u00e7\u00f5es est\u00e3o dispon\u00edveis nos canais oficiais.<\/p>\n","protected":false},"excerpt":{"rendered":"<p>Opera\u00e7\u00e3o come\u00e7a nesta quinta-feira (30) e segue at\u00e9 segunda-feira (4), com refor\u00e7o no monitoramento e no atendimento ao usu\u00e1rio A Concession\u00e1ria Novo Litoral (CNL) inicia, nesta quinta-feira (30\/04), o Plano Operacional Especial (POE) para o feriado do Dia do Trabalhador, celebrado em 1\u00ba de maio. A expectativa \u00e9 de que cerca de 1,3 milh\u00e3o de [&hellip;]<\/p>\n","protected":false},"author":1,"featured_media":30379,"comment_status":"open","ping_status":"open","sticky":false,"template":"","format":"standard","meta":{"footnotes":""},"categories":[21,547],"tags":[],"class_list":{"0":"post-30378","1":"post","2":"type-post","3":"status-publish","4":"format-standard","5":"has-post-thumbnail","7":"category-alto-tiete","8":"category-transito"},"_links":{"self":[{"href":"https:\/\/jm-metropole.com.br\/site\/wp-json\/wp\/v2\/posts\/30378","targetHints":{"allow":["GET"]}}],"collection":[{"href":"https:\/\/jm-metropole.com.br\/site\/wp-json\/wp\/v2\/posts"}],"about":[{"href":"https:\/\/jm-metropole.com.br\/site\/wp-json\/wp\/v2\/types\/post"}],"author":[{"embeddable":true,"href":"https:\/\/jm-metropole.com.br\/site\/wp-json\/wp\/v2\/users\/1"}],"replies":[{"embeddable":true,"href":"https:\/\/jm-metropole.com.br\/site\/wp-json\/wp\/v2\/comments?post=30378"}],"version-history":[{"count":1,"href":"https:\/\/jm-metropole.com.br\/site\/wp-json\/wp\/v2\/posts\/30378\/revisions"}],"predecessor-version":[{"id":30380,"href":"https:\/\/jm-metropole.com.br\/site\/wp-json\/wp\/v2\/posts\/30378\/revisions\/30380"}],"wp:featuredmedia":[{"embeddable":true,"href":"https:\/\/jm-metropole.com.br\/site\/wp-json\/wp\/v2\/media\/30379"}],"wp:attachment":[{"href":"https:\/\/jm-metropole.com.br\/site\/wp-json\/wp\/v2\/media?parent=30378"}],"wp:term":[{"taxonomy":"category","embeddable":true,"href":"https:\/\/jm-metropole.com.br\/site\/wp-json\/wp\/v2\/categories?post=30378"},{"taxonomy":"post_tag","embeddable":true,"href":"https:\/\/jm-metropole.com.br\/site\/wp-json\/wp\/v2\/tags?post=30378"}],"curies":[{"name":"wp","href":"https:\/\/api.w.org\/{rel}","templated":true}]}}