{"id":30169,"date":"2026-04-07T17:10:47","date_gmt":"2026-04-07T20:10:47","guid":{"rendered":"https:\/\/jm-metropole.com.br\/site\/?p=30169"},"modified":"2026-04-07T17:10:47","modified_gmt":"2026-04-07T20:10:47","slug":"habitacao-de-aruja-realiza-reuniao-para-regularizacao-do-jardim-pinheiro","status":"publish","type":"post","link":"https:\/\/jm-metropole.com.br\/site\/habitacao-de-aruja-realiza-reuniao-para-regularizacao-do-jardim-pinheiro\/","title":{"rendered":"HABITA\u00c7\u00c3O DE ARUJ\u00c1 REALIZA REUNI\u00c3O PARA REGULARIZA\u00c7\u00c3O DO JARDIM PINHEIRO"},"content":{"rendered":"<div id=\"model-response-message-contentr_cbe4751fa98c4d56\" class=\"markdown markdown-main-panel enable-updated-hr-color\" dir=\"ltr\" style=\"text-align: justify;\" aria-live=\"polite\" aria-busy=\"false\">\n<p data-path-to-node=\"0\">A Secretaria de Habita\u00e7\u00e3o da Prefeitura de Aruj\u00e1, em parceria com o programa Cidade Legal, do Governo do Estado de S\u00e3o Paulo, realiza nesta quinta-feira (09\/04) uma reuni\u00e3o com moradores do Jardim Pinheiro. O encontro acontece \u00e0s 19h, na Pra\u00e7a da Juventude, localizada na Estrada do Kondo, 374, com o objetivo de apresentar uma nova etapa do processo de regulariza\u00e7\u00e3o fundi\u00e1ria da regi\u00e3o.<\/p>\n<p data-path-to-node=\"2\"><img loading=\"lazy\" decoding=\"async\" class=\"alignright size-medium wp-image-30150\" src=\"https:\/\/jm-metropole.com.br\/site\/wp-content\/uploads\/2026\/04\/WhatsApp-Image-2026-04-07-at-15.31.24-300x225.jpeg\" alt=\"\" width=\"300\" height=\"225\" srcset=\"https:\/\/jm-metropole.com.br\/site\/wp-content\/uploads\/2026\/04\/WhatsApp-Image-2026-04-07-at-15.31.24-300x225.jpeg 300w, https:\/\/jm-metropole.com.br\/site\/wp-content\/uploads\/2026\/04\/WhatsApp-Image-2026-04-07-at-15.31.24-1024x768.jpeg 1024w, https:\/\/jm-metropole.com.br\/site\/wp-content\/uploads\/2026\/04\/WhatsApp-Image-2026-04-07-at-15.31.24-768x576.jpeg 768w, https:\/\/jm-metropole.com.br\/site\/wp-content\/uploads\/2026\/04\/WhatsApp-Image-2026-04-07-at-15.31.24-150x113.jpeg 150w, https:\/\/jm-metropole.com.br\/site\/wp-content\/uploads\/2026\/04\/WhatsApp-Image-2026-04-07-at-15.31.24-600x450.jpeg 600w, https:\/\/jm-metropole.com.br\/site\/wp-content\/uploads\/2026\/04\/WhatsApp-Image-2026-04-07-at-15.31.24-696x522.jpeg 696w, https:\/\/jm-metropole.com.br\/site\/wp-content\/uploads\/2026\/04\/WhatsApp-Image-2026-04-07-at-15.31.24-1068x801.jpeg 1068w, https:\/\/jm-metropole.com.br\/site\/wp-content\/uploads\/2026\/04\/WhatsApp-Image-2026-04-07-at-15.31.24-560x420.jpeg 560w, https:\/\/jm-metropole.com.br\/site\/wp-content\/uploads\/2026\/04\/WhatsApp-Image-2026-04-07-at-15.31.24-1120x840.jpeg 1120w, https:\/\/jm-metropole.com.br\/site\/wp-content\/uploads\/2026\/04\/WhatsApp-Image-2026-04-07-at-15.31.24-80x60.jpeg 80w, https:\/\/jm-metropole.com.br\/site\/wp-content\/uploads\/2026\/04\/WhatsApp-Image-2026-04-07-at-15.31.24-160x120.jpeg 160w, https:\/\/jm-metropole.com.br\/site\/wp-content\/uploads\/2026\/04\/WhatsApp-Image-2026-04-07-at-15.31.24-265x198.jpeg 265w, https:\/\/jm-metropole.com.br\/site\/wp-content\/uploads\/2026\/04\/WhatsApp-Image-2026-04-07-at-15.31.24-530x396.jpeg 530w, https:\/\/jm-metropole.com.br\/site\/wp-content\/uploads\/2026\/04\/WhatsApp-Image-2026-04-07-at-15.31.24.jpeg 1280w\" sizes=\"auto, (max-width: 300px) 100vw, 300px\" \/>A a\u00e7\u00e3o \u00e9 voltada para fam\u00edlias que ainda n\u00e3o possuem o documento do im\u00f3vel em seu nome. Embora o processo de regulariza\u00e7\u00e3o na \u00e1rea exista desde 2010, parte dos moradores ainda n\u00e3o concluiu a documenta\u00e7\u00e3o. Com esta nova fase, a administra\u00e7\u00e3o municipal e o governo estadual buscam orientar a popula\u00e7\u00e3o sobre os procedimentos necess\u00e1rios e os pr\u00f3ximos passos para garantir a escritura definitiva das propriedades.<\/p>\n<p data-path-to-node=\"3\">Durante a reuni\u00e3o, t\u00e9cnicos da Secretaria de Habita\u00e7\u00e3o e do programa Cidade Legal explicar\u00e3o o andamento do processo e quais documentos ser\u00e3o exigidos para que os moradores participem das pr\u00f3ximas etapas. O prefeito Luis Camargo ressaltou que a participa\u00e7\u00e3o da comunidade \u00e9 fundamental para destravar processos antigos e garantir seguran\u00e7a jur\u00eddica e dignidade \u00e0s fam\u00edlias que esperam pelo documento de seus im\u00f3veis.<\/p>\n<p data-path-to-node=\"4\">O secret\u00e1rio de Habita\u00e7\u00e3o, Vinicius Pateta, refor\u00e7ou que o programa Cidade Legal \u00e9 um instrumento essencial para a organiza\u00e7\u00e3o urbana e para assegurar os direitos dos cidad\u00e3os em \u00e1reas consolidadas. A prefeitura orienta que todos os interessados compare\u00e7am ao local para tirar d\u00favidas e acompanhar de perto cada fase da regulariza\u00e7\u00e3o fundi\u00e1ria no bairro.<\/p>\n<\/div>\n","protected":false},"excerpt":{"rendered":"<p>A Secretaria de Habita\u00e7\u00e3o da Prefeitura de Aruj\u00e1, em parceria com o programa Cidade Legal, do Governo do Estado de S\u00e3o Paulo, realiza nesta quinta-feira (09\/04) uma reuni\u00e3o com moradores do Jardim Pinheiro. O encontro acontece \u00e0s 19h, na Pra\u00e7a da Juventude, localizada na Estrada do Kondo, 374, com o objetivo de apresentar uma nova [&hellip;]<\/p>\n","protected":false},"author":1,"featured_media":30149,"comment_status":"open","ping_status":"open","sticky":false,"template":"","format":"standard","meta":{"footnotes":""},"categories":[4],"tags":[],"class_list":{"0":"post-30169","1":"post","2":"type-post","3":"status-publish","4":"format-standard","5":"has-post-thumbnail","7":"category-aruja"},"_links":{"self":[{"href":"https:\/\/jm-metropole.com.br\/site\/wp-json\/wp\/v2\/posts\/30169","targetHints":{"allow":["GET"]}}],"collection":[{"href":"https:\/\/jm-metropole.com.br\/site\/wp-json\/wp\/v2\/posts"}],"about":[{"href":"https:\/\/jm-metropole.com.br\/site\/wp-json\/wp\/v2\/types\/post"}],"author":[{"embeddable":true,"href":"https:\/\/jm-metropole.com.br\/site\/wp-json\/wp\/v2\/users\/1"}],"replies":[{"embeddable":true,"href":"https:\/\/jm-metropole.com.br\/site\/wp-json\/wp\/v2\/comments?post=30169"}],"version-history":[{"count":1,"href":"https:\/\/jm-metropole.com.br\/site\/wp-json\/wp\/v2\/posts\/30169\/revisions"}],"predecessor-version":[{"id":30170,"href":"https:\/\/jm-metropole.com.br\/site\/wp-json\/wp\/v2\/posts\/30169\/revisions\/30170"}],"wp:featuredmedia":[{"embeddable":true,"href":"https:\/\/jm-metropole.com.br\/site\/wp-json\/wp\/v2\/media\/30149"}],"wp:attachment":[{"href":"https:\/\/jm-metropole.com.br\/site\/wp-json\/wp\/v2\/media?parent=30169"}],"wp:term":[{"taxonomy":"category","embeddable":true,"href":"https:\/\/jm-metropole.com.br\/site\/wp-json\/wp\/v2\/categories?post=30169"},{"taxonomy":"post_tag","embeddable":true,"href":"https:\/\/jm-metropole.com.br\/site\/wp-json\/wp\/v2\/tags?post=30169"}],"curies":[{"name":"wp","href":"https:\/\/api.w.org\/{rel}","templated":true}]}}