{"id":30163,"date":"2026-04-07T16:56:38","date_gmt":"2026-04-07T19:56:38","guid":{"rendered":"https:\/\/jm-metropole.com.br\/site\/?p=30163"},"modified":"2026-04-07T16:56:38","modified_gmt":"2026-04-07T19:56:38","slug":"guararema-sedia-etapa-do-brasileirao-de-karate-com-atletas-de-16-estados","status":"publish","type":"post","link":"https:\/\/jm-metropole.com.br\/site\/guararema-sedia-etapa-do-brasileirao-de-karate-com-atletas-de-16-estados\/","title":{"rendered":"GUARAREMA SEDIA ETAPA DO BRASILEIR\u00c3O DE KARAT\u00ca COM ATLETAS DE 16 ESTADOS"},"content":{"rendered":"<div id=\"model-response-message-contentr_b4dc5f465482a6fe\" class=\"markdown markdown-main-panel enable-updated-hr-color\" dir=\"ltr\" style=\"text-align: justify;\" aria-live=\"polite\" aria-busy=\"false\">\n<p data-path-to-node=\"1\">Guararema ser\u00e1 a sede da etapa do Brasileir\u00e3o de Karat\u00ea Esportivo entre os dias 17 e 19 de abril. Com o apoio da Prefeitura de Guararema, o evento acontece no Gin\u00e1sio de Esportes L\u00e1zaro Germano, no bairro Ipiranga, e marca a abertura do calend\u00e1rio nacional da Confedera\u00e7\u00e3o Esportiva e Educacional Brasileira de Karat\u00ea (CEEBK). A competi\u00e7\u00e3o tem in\u00edcio \u00e0s 8 horas nos tr\u00eas dias de programa\u00e7\u00e3o e a entrada \u00e9 gratuita ao p\u00fablico.<\/p>\n<p data-path-to-node=\"2\"><img loading=\"lazy\" decoding=\"async\" class=\"alignright size-medium wp-image-30146\" src=\"https:\/\/jm-metropole.com.br\/site\/wp-content\/uploads\/2026\/04\/WhatsApp-Image-2026-04-07-at-15.34.33-300x200.jpeg\" alt=\"\" width=\"300\" height=\"200\" srcset=\"https:\/\/jm-metropole.com.br\/site\/wp-content\/uploads\/2026\/04\/WhatsApp-Image-2026-04-07-at-15.34.33-300x200.jpeg 300w, https:\/\/jm-metropole.com.br\/site\/wp-content\/uploads\/2026\/04\/WhatsApp-Image-2026-04-07-at-15.34.33-1024x682.jpeg 1024w, https:\/\/jm-metropole.com.br\/site\/wp-content\/uploads\/2026\/04\/WhatsApp-Image-2026-04-07-at-15.34.33-768x512.jpeg 768w, https:\/\/jm-metropole.com.br\/site\/wp-content\/uploads\/2026\/04\/WhatsApp-Image-2026-04-07-at-15.34.33-1536x1023.jpeg 1536w, https:\/\/jm-metropole.com.br\/site\/wp-content\/uploads\/2026\/04\/WhatsApp-Image-2026-04-07-at-15.34.33-150x100.jpeg 150w, https:\/\/jm-metropole.com.br\/site\/wp-content\/uploads\/2026\/04\/WhatsApp-Image-2026-04-07-at-15.34.33-600x400.jpeg 600w, https:\/\/jm-metropole.com.br\/site\/wp-content\/uploads\/2026\/04\/WhatsApp-Image-2026-04-07-at-15.34.33-696x464.jpeg 696w, https:\/\/jm-metropole.com.br\/site\/wp-content\/uploads\/2026\/04\/WhatsApp-Image-2026-04-07-at-15.34.33-1392x927.jpeg 1392w, https:\/\/jm-metropole.com.br\/site\/wp-content\/uploads\/2026\/04\/WhatsApp-Image-2026-04-07-at-15.34.33-1068x712.jpeg 1068w, https:\/\/jm-metropole.com.br\/site\/wp-content\/uploads\/2026\/04\/WhatsApp-Image-2026-04-07-at-15.34.33-630x420.jpeg 630w, https:\/\/jm-metropole.com.br\/site\/wp-content\/uploads\/2026\/04\/WhatsApp-Image-2026-04-07-at-15.34.33-1261x840.jpeg 1261w, https:\/\/jm-metropole.com.br\/site\/wp-content\/uploads\/2026\/04\/WhatsApp-Image-2026-04-07-at-15.34.33.jpeg 1600w\" sizes=\"auto, (max-width: 300px) 100vw, 300px\" \/>A estrutura montada no gin\u00e1sio contar\u00e1 com seis \u00e1reas de disputa simult\u00e2neas para atender diversas categorias. O torneio re\u00fane participantes com idades entre cinco e 70 anos, abrangendo desde o n\u00edvel iniciante at\u00e9 atletas experientes. Um dos grandes destaques da etapa \u00e9 a realiza\u00e7\u00e3o da seletiva para o Campeonato Mundial da Eslov\u00eania, previsto para outubro deste ano, al\u00e9m de confrontos valendo medalhas e cintur\u00f5es.<\/p>\n<p data-path-to-node=\"3\">O campeonato contribui para o movimento do turismo local ao receber delega\u00e7\u00f5es de 16 estados brasileiros, incluindo representantes de S\u00e3o Paulo, Rio de Janeiro, Paran\u00e1, Bahia, Cear\u00e1 e Mato Grosso, entre outros. A presen\u00e7a de competidores de diversas regi\u00f5es do pa\u00eds refor\u00e7a o papel do munic\u00edpio como polo de eventos esportivos de grande porte.<\/p>\n<p data-path-to-node=\"4\">Al\u00e9m do suporte da Secretaria Municipal de Esportes, Lazer e Qualidade de Vida, o evento conta com patroc\u00ednio do Guararema Parque Hotel e da Indai\u00e1 Brasil \u00c1guas Minerais. A organiza\u00e7\u00e3o log\u00edstica da competi\u00e7\u00e3o est\u00e1 sob responsabilidade da CEMC Esportes e Eventos.<\/p>\n<\/div>\n","protected":false},"excerpt":{"rendered":"<p>Guararema ser\u00e1 a sede da etapa do Brasileir\u00e3o de Karat\u00ea Esportivo entre os dias 17 e 19 de abril. Com o apoio da Prefeitura de Guararema, o evento acontece no Gin\u00e1sio de Esportes L\u00e1zaro Germano, no bairro Ipiranga, e marca a abertura do calend\u00e1rio nacional da Confedera\u00e7\u00e3o Esportiva e Educacional Brasileira de Karat\u00ea (CEEBK). A [&hellip;]<\/p>\n","protected":false},"author":1,"featured_media":30145,"comment_status":"open","ping_status":"open","sticky":false,"template":"","format":"standard","meta":{"footnotes":""},"categories":[2,13,12,8],"tags":[],"class_list":{"0":"post-30163","1":"post","2":"type-post","3":"status-publish","4":"format-standard","5":"has-post-thumbnail","7":"category-cidades","8":"category-cultura","9":"category-esporte","10":"category-guararema"},"_links":{"self":[{"href":"https:\/\/jm-metropole.com.br\/site\/wp-json\/wp\/v2\/posts\/30163","targetHints":{"allow":["GET"]}}],"collection":[{"href":"https:\/\/jm-metropole.com.br\/site\/wp-json\/wp\/v2\/posts"}],"about":[{"href":"https:\/\/jm-metropole.com.br\/site\/wp-json\/wp\/v2\/types\/post"}],"author":[{"embeddable":true,"href":"https:\/\/jm-metropole.com.br\/site\/wp-json\/wp\/v2\/users\/1"}],"replies":[{"embeddable":true,"href":"https:\/\/jm-metropole.com.br\/site\/wp-json\/wp\/v2\/comments?post=30163"}],"version-history":[{"count":1,"href":"https:\/\/jm-metropole.com.br\/site\/wp-json\/wp\/v2\/posts\/30163\/revisions"}],"predecessor-version":[{"id":30164,"href":"https:\/\/jm-metropole.com.br\/site\/wp-json\/wp\/v2\/posts\/30163\/revisions\/30164"}],"wp:featuredmedia":[{"embeddable":true,"href":"https:\/\/jm-metropole.com.br\/site\/wp-json\/wp\/v2\/media\/30145"}],"wp:attachment":[{"href":"https:\/\/jm-metropole.com.br\/site\/wp-json\/wp\/v2\/media?parent=30163"}],"wp:term":[{"taxonomy":"category","embeddable":true,"href":"https:\/\/jm-metropole.com.br\/site\/wp-json\/wp\/v2\/categories?post=30163"},{"taxonomy":"post_tag","embeddable":true,"href":"https:\/\/jm-metropole.com.br\/site\/wp-json\/wp\/v2\/tags?post=30163"}],"curies":[{"name":"wp","href":"https:\/\/api.w.org\/{rel}","templated":true}]}}