{"id":3016,"date":"2022-09-20T13:35:01","date_gmt":"2022-09-20T16:35:01","guid":{"rendered":"https:\/\/jm-metropole.com.br\/site\/?p=3016"},"modified":"2022-09-20T13:35:41","modified_gmt":"2022-09-20T16:35:41","slug":"prefeitura-de-aruja-orienta-para-a-semana-nacional-de-transito-que-ocorre-de-18-a-25-de-setembro","status":"publish","type":"post","link":"https:\/\/jm-metropole.com.br\/site\/prefeitura-de-aruja-orienta-para-a-semana-nacional-de-transito-que-ocorre-de-18-a-25-de-setembro\/","title":{"rendered":"Prefeitura de Aruj\u00e1 orienta para a &#8220;Semana Nacional de Tr\u00e2nsito que ocorre de 18 a 25 de setembro"},"content":{"rendered":"<p>Na pr\u00f3xima semana, de 18 a 25 de setembro, ocorre a Semana Nacional de Tr\u00e2nsito, destinada para a conscientiza\u00e7\u00e3o de condutores, passageiros, ciclistas e pedestres, para um tr\u00e2nsito mais seguro. A iniciativa da Prefeitura de Aruj\u00e1 \u00e9 desenvolvida pela Secretaria Municipal de Seguran\u00e7a e pelo Departamento de Tr\u00e2nsito.<\/p>\n<p>Confira algumas orienta\u00e7\u00f5es que podem salvar vidas:<\/p>\n","protected":false},"excerpt":{"rendered":"<p>Na pr\u00f3xima semana, de 18 a 25 de setembro, ocorre a Semana Nacional de Tr\u00e2nsito, destinada para a conscientiza\u00e7\u00e3o de condutores, passageiros, ciclistas e pedestres, para um tr\u00e2nsito mais seguro. A iniciativa da Prefeitura de Aruj\u00e1 \u00e9 desenvolvida pela Secretaria Municipal de Seguran\u00e7a e pelo Departamento de Tr\u00e2nsito. Confira algumas orienta\u00e7\u00f5es que podem salvar vidas:<\/p>\n","protected":false},"author":1,"featured_media":3017,"comment_status":"open","ping_status":"open","sticky":false,"template":"","format":"standard","meta":{"footnotes":""},"categories":[4],"tags":[],"class_list":{"0":"post-3016","1":"post","2":"type-post","3":"status-publish","4":"format-standard","5":"has-post-thumbnail","7":"category-aruja"},"_links":{"self":[{"href":"https:\/\/jm-metropole.com.br\/site\/wp-json\/wp\/v2\/posts\/3016","targetHints":{"allow":["GET"]}}],"collection":[{"href":"https:\/\/jm-metropole.com.br\/site\/wp-json\/wp\/v2\/posts"}],"about":[{"href":"https:\/\/jm-metropole.com.br\/site\/wp-json\/wp\/v2\/types\/post"}],"author":[{"embeddable":true,"href":"https:\/\/jm-metropole.com.br\/site\/wp-json\/wp\/v2\/users\/1"}],"replies":[{"embeddable":true,"href":"https:\/\/jm-metropole.com.br\/site\/wp-json\/wp\/v2\/comments?post=3016"}],"version-history":[{"count":1,"href":"https:\/\/jm-metropole.com.br\/site\/wp-json\/wp\/v2\/posts\/3016\/revisions"}],"predecessor-version":[{"id":3018,"href":"https:\/\/jm-metropole.com.br\/site\/wp-json\/wp\/v2\/posts\/3016\/revisions\/3018"}],"wp:featuredmedia":[{"embeddable":true,"href":"https:\/\/jm-metropole.com.br\/site\/wp-json\/wp\/v2\/media\/3017"}],"wp:attachment":[{"href":"https:\/\/jm-metropole.com.br\/site\/wp-json\/wp\/v2\/media?parent=3016"}],"wp:term":[{"taxonomy":"category","embeddable":true,"href":"https:\/\/jm-metropole.com.br\/site\/wp-json\/wp\/v2\/categories?post=3016"},{"taxonomy":"post_tag","embeddable":true,"href":"https:\/\/jm-metropole.com.br\/site\/wp-json\/wp\/v2\/tags?post=3016"}],"curies":[{"name":"wp","href":"https:\/\/api.w.org\/{rel}","templated":true}]}}