{"id":30136,"date":"2026-04-07T16:01:53","date_gmt":"2026-04-07T19:01:53","guid":{"rendered":"https:\/\/jm-metropole.com.br\/site\/?p=30136"},"modified":"2026-04-07T16:25:44","modified_gmt":"2026-04-07T19:25:44","slug":"prefeitura-recebe-inscricoes-de-maes-atipicas-para-curso-gratuito-de-sabonetes-artesanais","status":"publish","type":"post","link":"https:\/\/jm-metropole.com.br\/site\/prefeitura-recebe-inscricoes-de-maes-atipicas-para-curso-gratuito-de-sabonetes-artesanais\/","title":{"rendered":"PREFEITURA RECEBE INSCRI\u00c7\u00d5ES DE M\u00c3ES AT\u00cdPICAS PARA CURSO GRATUITO DE SABONETES ARTESANAIS"},"content":{"rendered":"<p style=\"text-align: justify;\">Est\u00e3o abertas as inscri\u00e7\u00f5es do curso gratuito de sabonetes artesanais para m\u00e3es at\u00edpicas (m\u00e3es com defici\u00eancia ou de pessoas com defici\u00eancia), que ocorrer\u00e1 nesta quinta-feira (9) e tamb\u00e9m na pr\u00f3xima ter\u00e7a-feira (14), das 13h \u00e0s 14h30, na sede da Subsecretaria de Acessibilidade e Inclus\u00e3o (rua Alberto Hinoto Bento, 49, Macedo). Interessadas em participar devem se inscrever pelo telefone (11) 2414-3685.<\/p>\n<p style=\"text-align: justify;\">O curso ser\u00e1 ministrado por alunas do 5\u00ba semestre da Faculdade de Psicologia Cruzeiro do Sul. De acordo com a coordena\u00e7\u00e3o da atividade, s\u00e3o oferecidas 20 vagas para cada data.<\/p>\n<p style=\"text-align: justify;\">A iniciativa da Subsecretaria de Acessibilidade e Inclus\u00e3o, integrante da Secretaria de Direitos Humanos, visa ao acolhimento e oferecer oportunidade de gera\u00e7\u00e3o de renda.<\/p>\n<p style=\"text-align: right;\"><em>Imagem: M\u00e1rcio Lino\u00a0<\/em><\/p>\n","protected":false},"excerpt":{"rendered":"<p>Est\u00e3o abertas as inscri\u00e7\u00f5es do curso gratuito de sabonetes artesanais para m\u00e3es at\u00edpicas (m\u00e3es com defici\u00eancia ou de pessoas com defici\u00eancia), que ocorrer\u00e1 nesta quinta-feira (9) e tamb\u00e9m na pr\u00f3xima ter\u00e7a-feira (14), das 13h \u00e0s 14h30, na sede da Subsecretaria de Acessibilidade e Inclus\u00e3o (rua Alberto Hinoto Bento, 49, Macedo). Interessadas em participar devem se [&hellip;]<\/p>\n","protected":false},"author":1,"featured_media":30154,"comment_status":"open","ping_status":"open","sticky":false,"template":"","format":"standard","meta":{"footnotes":""},"categories":[2,13,14,3],"tags":[],"class_list":{"0":"post-30136","1":"post","2":"type-post","3":"status-publish","4":"format-standard","5":"has-post-thumbnail","7":"category-cidades","8":"category-cultura","9":"category-educacao","10":"category-guarulhos"},"_links":{"self":[{"href":"https:\/\/jm-metropole.com.br\/site\/wp-json\/wp\/v2\/posts\/30136","targetHints":{"allow":["GET"]}}],"collection":[{"href":"https:\/\/jm-metropole.com.br\/site\/wp-json\/wp\/v2\/posts"}],"about":[{"href":"https:\/\/jm-metropole.com.br\/site\/wp-json\/wp\/v2\/types\/post"}],"author":[{"embeddable":true,"href":"https:\/\/jm-metropole.com.br\/site\/wp-json\/wp\/v2\/users\/1"}],"replies":[{"embeddable":true,"href":"https:\/\/jm-metropole.com.br\/site\/wp-json\/wp\/v2\/comments?post=30136"}],"version-history":[{"count":2,"href":"https:\/\/jm-metropole.com.br\/site\/wp-json\/wp\/v2\/posts\/30136\/revisions"}],"predecessor-version":[{"id":30156,"href":"https:\/\/jm-metropole.com.br\/site\/wp-json\/wp\/v2\/posts\/30136\/revisions\/30156"}],"wp:featuredmedia":[{"embeddable":true,"href":"https:\/\/jm-metropole.com.br\/site\/wp-json\/wp\/v2\/media\/30154"}],"wp:attachment":[{"href":"https:\/\/jm-metropole.com.br\/site\/wp-json\/wp\/v2\/media?parent=30136"}],"wp:term":[{"taxonomy":"category","embeddable":true,"href":"https:\/\/jm-metropole.com.br\/site\/wp-json\/wp\/v2\/categories?post=30136"},{"taxonomy":"post_tag","embeddable":true,"href":"https:\/\/jm-metropole.com.br\/site\/wp-json\/wp\/v2\/tags?post=30136"}],"curies":[{"name":"wp","href":"https:\/\/api.w.org\/{rel}","templated":true}]}}