{"id":29950,"date":"2025-03-19T18:54:01","date_gmt":"2025-03-19T21:54:01","guid":{"rendered":"https:\/\/jm-metropole.com.br\/site\/?p=29950"},"modified":"2026-03-27T21:55:05","modified_gmt":"2026-03-28T00:55:05","slug":"ribeirao-pires-inaugura-primeira-clinica-publica-de-cannabis-medicinal-do-brasil","status":"publish","type":"post","link":"https:\/\/jm-metropole.com.br\/site\/ribeirao-pires-inaugura-primeira-clinica-publica-de-cannabis-medicinal-do-brasil\/","title":{"rendered":"RIBEIR\u00c3O PIRES INAUGURA PRIMEIRA CL\u00cdNICA P\u00daBLICA DE CANNABIS MEDICINAL DO BRASIL"},"content":{"rendered":"<div id=\"model-response-message-contentr_3648633ab87c97ec\" class=\"markdown markdown-main-panel enable-updated-hr-color\" dir=\"ltr\" aria-live=\"polite\" aria-busy=\"false\">\n<p style=\"text-align: justify;\" data-path-to-node=\"1\">A cidade de Ribeir\u00e3o Pires oficializou a inaugura\u00e7\u00e3o do primeiro Centro de Refer\u00eancia em Cannabis Medicinal do pa\u00eds com atendimento realizado totalmente pelo Sistema \u00danico de Sa\u00fade (SUS). A iniciativa pioneira coloca o munic\u00edpio em destaque na sa\u00fade p\u00fablica nacional, oferecendo uma estrutura especializada para o tratamento de diversas patologias com o uso de produtos derivados da planta.<\/p>\n<p style=\"text-align: justify;\" data-path-to-node=\"2\">A unidade foi projetada para atender pacientes que sofrem com condi\u00e7\u00f5es como epilepsia refrat\u00e1ria, transtorno do espectro autista (TEA), al\u00e9m de doen\u00e7as neurodegenerativas, a exemplo de Alzheimer e Parkinson. Al\u00e9m das consultas m\u00e9dicas, o centro oferece suporte t\u00e9cnico e acompanhamento cl\u00ednico rigoroso para garantir a efic\u00e1cia e a seguran\u00e7a do tratamento terap\u00eautico.<\/p>\n<p style=\"text-align: justify;\" data-path-to-node=\"3\">O acesso ao servi\u00e7o \u00e9 feito por meio de encaminhamento da rede municipal de sa\u00fade. Ap\u00f3s uma avalia\u00e7\u00e3o inicial nas Unidades B\u00e1sicas de Sa\u00fade, os pacientes que atendem aos protocolos cl\u00ednicos s\u00e3o direcionados ao centro especializado. O objetivo da prefeitura \u00e9 democratizar o acesso a terapias que, at\u00e9 ent\u00e3o, eram limitadas devido ao alto custo e \u00e0 complexidade burocr\u00e1tica.<\/p>\n<p style=\"text-align: justify;\" data-path-to-node=\"4\">Com a abertura deste centro, Ribeir\u00e3o Pires se estabelece como refer\u00eancia na implementa\u00e7\u00e3o de pol\u00edticas p\u00fablicas voltadas \u00e0 cannabis medicinal, servindo de exemplo para outras cidades que buscam modernizar seus protocolos de atendimento. O projeto foca no bem-estar e na melhoria da qualidade de vida de fam\u00edlias que agora contam com suporte oficial e gratuito para seus tratamentos.<\/p>\n<p style=\"text-align: justify;\" data-path-to-node=\"5\"><em>Cr\u00e9dito da foto: Divulga\u00e7\u00e3o \/ Prefeitura de Ribeir\u00e3o Pires<\/em><\/p>\n<\/div>\n","protected":false},"excerpt":{"rendered":"<p>A cidade de Ribeir\u00e3o Pires oficializou a inaugura\u00e7\u00e3o do primeiro Centro de Refer\u00eancia em Cannabis Medicinal do pa\u00eds com atendimento realizado totalmente pelo Sistema \u00danico de Sa\u00fade (SUS). A iniciativa pioneira coloca o munic\u00edpio em destaque na sa\u00fade p\u00fablica nacional, oferecendo uma estrutura especializada para o tratamento de diversas patologias com o uso de produtos [&hellip;]<\/p>\n","protected":false},"author":1,"featured_media":29951,"comment_status":"open","ping_status":"open","sticky":false,"template":"","format":"standard","meta":{"footnotes":""},"categories":[549,2],"tags":[],"class_list":{"0":"post-29950","1":"post","2":"type-post","3":"status-publish","4":"format-standard","5":"has-post-thumbnail","7":"category-cannabis-medicinal","8":"category-cidades"},"_links":{"self":[{"href":"https:\/\/jm-metropole.com.br\/site\/wp-json\/wp\/v2\/posts\/29950","targetHints":{"allow":["GET"]}}],"collection":[{"href":"https:\/\/jm-metropole.com.br\/site\/wp-json\/wp\/v2\/posts"}],"about":[{"href":"https:\/\/jm-metropole.com.br\/site\/wp-json\/wp\/v2\/types\/post"}],"author":[{"embeddable":true,"href":"https:\/\/jm-metropole.com.br\/site\/wp-json\/wp\/v2\/users\/1"}],"replies":[{"embeddable":true,"href":"https:\/\/jm-metropole.com.br\/site\/wp-json\/wp\/v2\/comments?post=29950"}],"version-history":[{"count":1,"href":"https:\/\/jm-metropole.com.br\/site\/wp-json\/wp\/v2\/posts\/29950\/revisions"}],"predecessor-version":[{"id":29952,"href":"https:\/\/jm-metropole.com.br\/site\/wp-json\/wp\/v2\/posts\/29950\/revisions\/29952"}],"wp:featuredmedia":[{"embeddable":true,"href":"https:\/\/jm-metropole.com.br\/site\/wp-json\/wp\/v2\/media\/29951"}],"wp:attachment":[{"href":"https:\/\/jm-metropole.com.br\/site\/wp-json\/wp\/v2\/media?parent=29950"}],"wp:term":[{"taxonomy":"category","embeddable":true,"href":"https:\/\/jm-metropole.com.br\/site\/wp-json\/wp\/v2\/categories?post=29950"},{"taxonomy":"post_tag","embeddable":true,"href":"https:\/\/jm-metropole.com.br\/site\/wp-json\/wp\/v2\/tags?post=29950"}],"curies":[{"name":"wp","href":"https:\/\/api.w.org\/{rel}","templated":true}]}}