{"id":29800,"date":"2026-03-17T09:24:19","date_gmt":"2026-03-17T12:24:19","guid":{"rendered":"https:\/\/jm-metropole.com.br\/site\/?p=29800"},"modified":"2026-03-17T09:24:19","modified_gmt":"2026-03-17T12:24:19","slug":"santa-isabel-lanca-tres-editais-de-fomento-a-cultura-com-recursos-da-lei-aldir-blanc","status":"publish","type":"post","link":"https:\/\/jm-metropole.com.br\/site\/santa-isabel-lanca-tres-editais-de-fomento-a-cultura-com-recursos-da-lei-aldir-blanc\/","title":{"rendered":"SANTA ISABEL LAN\u00c7A TR\u00caS EDITAIS DE FOMENTO \u00c0 CULTURA COM RECURSOS DA LEI ALDIR BLANC"},"content":{"rendered":"<p style=\"text-align: justify;\" data-path-to-node=\"1\">A Prefeitura de Santa Isabel, por meio da Secretaria de Arte e Cultura, anunciou a abertura de tr\u00eas editais para o setor cultural, financiados pela Pol\u00edtica Nacional Aldir Blanc de Fomento \u00e0 Cultura (PNAB). Ao todo, ser\u00e3o investidos mais de 390 mil reais para apoiar artistas, coletivos e entidades locais.<\/p>\n<p style=\"text-align: justify;\" data-path-to-node=\"2\">O Edital 01\/2026, focado no fomento cultural, \u00e9 o que possui o maior volume de recursos, totalizando 282.785,90 reais. Ele contempla a sele\u00e7\u00e3o de projetos em \u00e1reas como m\u00fasica, dan\u00e7a, audiovisual, literatura, artes c\u00eanicas e visuais, al\u00e9m de categorias espec\u00edficas como Hip Hop, cultura LGBTQIAPN+, artesanato e cultura popular. Entre os maiores pr\u00eamios individuais est\u00e3o o fomento para feiras de artesanato, no valor de 15.550 reais, e festivais de m\u00fasica, dan\u00e7a, teatro e cultura popular, com pr\u00eamios de 12.300 reais cada. O edital tamb\u00e9m prev\u00ea verba para a compra de bens culturais, como instrumentos musicais e equipamentos para o Centro de Mem\u00f3ria.<\/p>\n<p style=\"text-align: justify;\" data-path-to-node=\"3\">O segundo chamamento, Edital 02\/2026, \u00e9 voltado para a premia\u00e7\u00e3o e reconhecimento de Pontos de Cultura. Com um or\u00e7amento de 99.223,12 reais, a iniciativa premiar\u00e1 entidades com CNPJ j\u00e1 certificadas com o valor de 14.611,56 reais e coletivos informais com 10 mil reais, que passar\u00e3o a integrar a Rede Municipal de Cultura Viva.<\/p>\n<p style=\"text-align: justify;\" data-path-to-node=\"4\">J\u00e1 o Edital 03\/2026 busca selecionar profissionais para o apoio t\u00e9cnico especializado na operacionaliza\u00e7\u00e3o da Lei Aldir Blanc na cidade. S\u00e3o oferecidas oportunidades para oficineiro, com remunera\u00e7\u00e3o de 5.000 reais, e parecerista, com 3.500 reais. O objetivo \u00e9 auxiliar na capacita\u00e7\u00e3o de agentes culturais e na avalia\u00e7\u00e3o t\u00e9cnica dos projetos inscritos nos outros editais.<\/p>\n<p style=\"text-align: justify;\" data-path-to-node=\"5\">Para participar, os interessados devem enviar a documenta\u00e7\u00e3o obrigat\u00f3ria em arquivo \u00fanico no formato PDF para o e-mail pnab@santaisabel.sp.gov.br. O prazo para os editais de fomento e pontos de cultura segue at\u00e9 o dia 17 de abril, enquanto o edital de apoio t\u00e9cnico possui um prazo mais curto, encerrando as inscri\u00e7\u00f5es no dia 23 de mar\u00e7o. Podem se inscrever agentes culturais residentes no munic\u00edpio h\u00e1 pelo menos um ano.<\/p>\n<p style=\"text-align: justify;\" data-path-to-node=\"6\">Os editais completos com todos os anexos e crit\u00e9rios de avalia\u00e7\u00e3o est\u00e3o dispon\u00edveis para consulta no Di\u00e1rio Oficial do Munic\u00edpio de Santa Isabel, na edi\u00e7\u00e3o 2440 de 17\/03\/2026.<\/p>\n<p style=\"text-align: justify;\">\n","protected":false},"excerpt":{"rendered":"<p>A Prefeitura de Santa Isabel, por meio da Secretaria de Arte e Cultura, anunciou a abertura de tr\u00eas editais para o setor cultural, financiados pela Pol\u00edtica Nacional Aldir Blanc de Fomento \u00e0 Cultura (PNAB). Ao todo, ser\u00e3o investidos mais de 390 mil reais para apoiar artistas, coletivos e entidades locais. O Edital 01\/2026, focado no [&hellip;]<\/p>\n","protected":false},"author":1,"featured_media":29801,"comment_status":"open","ping_status":"open","sticky":false,"template":"","format":"standard","meta":{"footnotes":""},"categories":[13,5],"tags":[],"class_list":{"0":"post-29800","1":"post","2":"type-post","3":"status-publish","4":"format-standard","5":"has-post-thumbnail","7":"category-cultura","8":"category-santa-isabel"},"_links":{"self":[{"href":"https:\/\/jm-metropole.com.br\/site\/wp-json\/wp\/v2\/posts\/29800","targetHints":{"allow":["GET"]}}],"collection":[{"href":"https:\/\/jm-metropole.com.br\/site\/wp-json\/wp\/v2\/posts"}],"about":[{"href":"https:\/\/jm-metropole.com.br\/site\/wp-json\/wp\/v2\/types\/post"}],"author":[{"embeddable":true,"href":"https:\/\/jm-metropole.com.br\/site\/wp-json\/wp\/v2\/users\/1"}],"replies":[{"embeddable":true,"href":"https:\/\/jm-metropole.com.br\/site\/wp-json\/wp\/v2\/comments?post=29800"}],"version-history":[{"count":1,"href":"https:\/\/jm-metropole.com.br\/site\/wp-json\/wp\/v2\/posts\/29800\/revisions"}],"predecessor-version":[{"id":29802,"href":"https:\/\/jm-metropole.com.br\/site\/wp-json\/wp\/v2\/posts\/29800\/revisions\/29802"}],"wp:featuredmedia":[{"embeddable":true,"href":"https:\/\/jm-metropole.com.br\/site\/wp-json\/wp\/v2\/media\/29801"}],"wp:attachment":[{"href":"https:\/\/jm-metropole.com.br\/site\/wp-json\/wp\/v2\/media?parent=29800"}],"wp:term":[{"taxonomy":"category","embeddable":true,"href":"https:\/\/jm-metropole.com.br\/site\/wp-json\/wp\/v2\/categories?post=29800"},{"taxonomy":"post_tag","embeddable":true,"href":"https:\/\/jm-metropole.com.br\/site\/wp-json\/wp\/v2\/tags?post=29800"}],"curies":[{"name":"wp","href":"https:\/\/api.w.org\/{rel}","templated":true}]}}