{"id":29796,"date":"2026-03-16T08:50:11","date_gmt":"2026-03-16T11:50:11","guid":{"rendered":"https:\/\/jm-metropole.com.br\/site\/?p=29796"},"modified":"2026-03-16T08:50:11","modified_gmt":"2026-03-16T11:50:11","slug":"curso-gratuito-de-fotografia-no-pimentas-abre-inscricoes-para-jovens-e-adultos-em-guarulhos","status":"publish","type":"post","link":"https:\/\/jm-metropole.com.br\/site\/curso-gratuito-de-fotografia-no-pimentas-abre-inscricoes-para-jovens-e-adultos-em-guarulhos\/","title":{"rendered":"Curso gratuito de fotografia no Pimentas abre inscri\u00e7\u00f5es para jovens e adultos em Guarulhos"},"content":{"rendered":"<p style=\"text-align: justify;\"><span style=\"font-weight: 400;\">Forma\u00e7\u00e3o \u201cOlhares do Territ\u00f3rio\u201d oferece 30 vagas para moradores aprenderem fotografia e construir narrativas visuais sobre o pr\u00f3prio bairro<\/span><\/p>\n<p style=\"text-align: justify;\"><span style=\"font-weight: 400;\">Est\u00e3o abertas as inscri\u00e7\u00f5es para o Olhares do Territ\u00f3rio, curso gratuito de fotografia voltado para jovens e adultos a partir de 16 anos no bairro dos Pimentas, em Guarulhos.<\/span><\/p>\n<p style=\"text-align: justify;\"><span style=\"font-weight: 400;\"><img loading=\"lazy\" decoding=\"async\" class=\"alignright size-medium wp-image-29797\" src=\"https:\/\/jm-metropole.com.br\/site\/wp-content\/uploads\/2026\/03\/WhatsApp-Image-2026-03-16-at-08.17.50-300x169.jpeg\" alt=\"\" width=\"300\" height=\"169\" srcset=\"https:\/\/jm-metropole.com.br\/site\/wp-content\/uploads\/2026\/03\/WhatsApp-Image-2026-03-16-at-08.17.50-300x169.jpeg 300w, https:\/\/jm-metropole.com.br\/site\/wp-content\/uploads\/2026\/03\/WhatsApp-Image-2026-03-16-at-08.17.50-1024x576.jpeg 1024w, https:\/\/jm-metropole.com.br\/site\/wp-content\/uploads\/2026\/03\/WhatsApp-Image-2026-03-16-at-08.17.50-768x432.jpeg 768w, https:\/\/jm-metropole.com.br\/site\/wp-content\/uploads\/2026\/03\/WhatsApp-Image-2026-03-16-at-08.17.50-1536x864.jpeg 1536w, https:\/\/jm-metropole.com.br\/site\/wp-content\/uploads\/2026\/03\/WhatsApp-Image-2026-03-16-at-08.17.50-150x84.jpeg 150w, https:\/\/jm-metropole.com.br\/site\/wp-content\/uploads\/2026\/03\/WhatsApp-Image-2026-03-16-at-08.17.50-600x338.jpeg 600w, https:\/\/jm-metropole.com.br\/site\/wp-content\/uploads\/2026\/03\/WhatsApp-Image-2026-03-16-at-08.17.50-696x392.jpeg 696w, https:\/\/jm-metropole.com.br\/site\/wp-content\/uploads\/2026\/03\/WhatsApp-Image-2026-03-16-at-08.17.50-1392x783.jpeg 1392w, https:\/\/jm-metropole.com.br\/site\/wp-content\/uploads\/2026\/03\/WhatsApp-Image-2026-03-16-at-08.17.50-1068x601.jpeg 1068w, https:\/\/jm-metropole.com.br\/site\/wp-content\/uploads\/2026\/03\/WhatsApp-Image-2026-03-16-at-08.17.50-747x420.jpeg 747w, https:\/\/jm-metropole.com.br\/site\/wp-content\/uploads\/2026\/03\/WhatsApp-Image-2026-03-16-at-08.17.50-1493x840.jpeg 1493w, https:\/\/jm-metropole.com.br\/site\/wp-content\/uploads\/2026\/03\/WhatsApp-Image-2026-03-16-at-08.17.50.jpeg 1600w\" sizes=\"auto, (max-width: 300px) 100vw, 300px\" \/>A forma\u00e7\u00e3o prop\u00f5e que moradores do territ\u00f3rio aprendam fotografia enquanto registram o cotidiano do bairro, produzindo narrativas visuais que valorizam hist\u00f3rias, mem\u00f3rias e identidades da comunidade. Ao longo do curso, os participantes tamb\u00e9m v\u00e3o realizar sa\u00eddas fotogr\u00e1ficas pelo bairro e desenvolver projetos autorais que retratam a vida local.\u00a0<\/span><\/p>\n<p style=\"text-align: justify;\"><span style=\"font-weight: 400;\">\u201cMais do que ensinar t\u00e9cnica, o projeto busca estimular novos olhares sobre o territ\u00f3rio e fortalecer a fotografia como ferramenta de express\u00e3o cultural e mem\u00f3ria coletiva\u201d, afirma Wesley Gabriel, diretor executivo e educador do projeto.<\/span><\/p>\n<p style=\"text-align: justify;\"><span style=\"font-weight: 400;\">As aulas ser\u00e3o conduzidas por fot\u00f3grafos e profissionais convidados. Entre eles est\u00e3o:<\/span><\/p>\n<p style=\"text-align: justify;\"><span style=\"font-weight: 400;\">Renato Stockler, fot\u00f3grafo, jornalista, diretor de fotografia e produtor audiovisual, com atua\u00e7\u00e3o em projetos de comunica\u00e7\u00e3o para movimentos sociais e iniciativas socioambientais.<\/span><\/p>\n<p style=\"text-align: justify;\"><span style=\"font-weight: 400;\">Giovanna Azevedo, fot\u00f3grafa guarulhense formada em Fotografia pelo Senac, com atua\u00e7\u00e3o voltada principalmente para retratos e fotografia de moda.<\/span><\/p>\n<p style=\"text-align: justify;\"><span style=\"font-weight: 400;\">Agner Rebou\u00e7as, gestor de projetos, arte-educador e grafiteiro. Atua h\u00e1 mais de 15 anos em institutos, centros culturais e projetos do terceiro setor, sendo idealizador da metodologia Saber Ensinar e cofundador do coletivo art\u00edstico Graffiti com Pipoca.<\/span><\/p>\n<p style=\"text-align: justify;\"><span style=\"font-weight: 400;\">Wesley Gabriel, fot\u00f3grafo e cineasta com atua\u00e7\u00e3o em Guarulhos e S\u00e3o Paulo desde 2014, com projetos voltados \u00e0s narrativas das periferias. \u00c9 fundador do Coletivo Kinof\u00e9rico e participou do festival New Filmmakers LA, em Hollywood, com o curta Contando Avi\u00f5es.\u00a0<\/span><\/p>\n<p style=\"text-align: justify;\"><span style=\"font-weight: 400;\">O curso n\u00e3o exige experi\u00eancia pr\u00e9via em fotografia e \u00e9 aberto a qualquer pessoa interessada em desenvolver um olhar autoral sobre o territ\u00f3rio. As vagas priorizam jovens em situa\u00e7\u00e3o de vulnerabilidade social, pessoas negras, ind\u00edgenas, LGBTQIAPN+ e mulheres, ampliando o acesso \u00e0 forma\u00e7\u00e3o cultural e art\u00edstica.<\/span><\/p>\n<p style=\"text-align: justify;\"><span style=\"font-weight: 400;\">Ao final do curso, os trabalhos produzidos pelos alunos ser\u00e3o apresentados em uma exposi\u00e7\u00e3o aberta ao p\u00fablico, reunindo moradores, familiares e a comunidade do bairro.<\/span><\/p>\n<p style=\"text-align: justify;\"><span style=\"font-weight: 400;\">As vagas s\u00e3o limitadas.<\/span><\/p>\n<p style=\"text-align: justify;\"><span style=\"font-weight: 400;\">O curso \u00e9 realizado pela LUZZONA LAB, em parceria com o Minist\u00e9rio da Cultura do Governo Federal.<\/span><\/p>\n<p style=\"text-align: justify;\"><b>SERVI\u00c7O<\/b><\/p>\n<p style=\"text-align: justify;\"><b>Curso gratuito de fotografia \u2013 Olhares do Territ\u00f3rio<\/b><\/p>\n<p style=\"text-align: justify;\"><b>Local:<\/b><span style=\"font-weight: 400;\"> UNIFESP Pimentas &#8211; Estrada do Caminho Velho, 333 &#8211; Jardim Nova Cidade &#8211; Guarulhos, SP &#8211; (pr\u00f3ximo ao Terminal Pimentas)<\/span><span style=\"font-weight: 400;\"><br \/>\n<\/span><b>Quando:<\/b><span style=\"font-weight: 400;\"> S\u00e1bados<\/span><span style=\"font-weight: 400;\"><br \/>\n<\/span><b>Hor\u00e1rio:<\/b><span style=\"font-weight: 400;\"> 14h \u00e0s 17h<\/span><span style=\"font-weight: 400;\"><br \/>\n<\/span><b>Dura\u00e7\u00e3o:<\/b><span style=\"font-weight: 400;\"> 6 meses<\/span><span style=\"font-weight: 400;\"><br \/>\n<\/span><b>P\u00fablico:<\/b><span style=\"font-weight: 400;\"> Jovens e adultos a partir de 16 anos<\/span><span style=\"font-weight: 400;\"><br \/>\n<\/span><b>Vagas: <\/b><span style=\"font-weight: 400;\">30<\/span><\/p>\n<p style=\"text-align: justify;\"><b>Acessibilidade:<\/b><span style=\"font-weight: 400;\"> Int\u00e9rprete de Libras<\/span><span style=\"font-weight: 400;\"><br \/>\n<\/span><b>Inscri\u00e7\u00f5es:<\/b> <a href=\"https:\/\/olharesdoterritorio.com.br\/\"><span style=\"font-weight: 400;\">https:\/\/olharesdoterritorio.com.br\/<\/span><\/a><span style=\"font-weight: 400;\">\u00a0 \u00a0 \u00a0 \u00a0 <\/span><\/p>\n","protected":false},"excerpt":{"rendered":"<p>Forma\u00e7\u00e3o \u201cOlhares do Territ\u00f3rio\u201d oferece 30 vagas para moradores aprenderem fotografia e construir narrativas visuais sobre o pr\u00f3prio bairro Est\u00e3o abertas as inscri\u00e7\u00f5es para o Olhares do Territ\u00f3rio, curso gratuito de fotografia voltado para jovens e adultos a partir de 16 anos no bairro dos Pimentas, em Guarulhos. A forma\u00e7\u00e3o prop\u00f5e que moradores do territ\u00f3rio [&hellip;]<\/p>\n","protected":false},"author":1,"featured_media":29798,"comment_status":"open","ping_status":"open","sticky":false,"template":"","format":"standard","meta":{"footnotes":""},"categories":[2,13,3],"tags":[],"class_list":{"0":"post-29796","1":"post","2":"type-post","3":"status-publish","4":"format-standard","5":"has-post-thumbnail","7":"category-cidades","8":"category-cultura","9":"category-guarulhos"},"_links":{"self":[{"href":"https:\/\/jm-metropole.com.br\/site\/wp-json\/wp\/v2\/posts\/29796","targetHints":{"allow":["GET"]}}],"collection":[{"href":"https:\/\/jm-metropole.com.br\/site\/wp-json\/wp\/v2\/posts"}],"about":[{"href":"https:\/\/jm-metropole.com.br\/site\/wp-json\/wp\/v2\/types\/post"}],"author":[{"embeddable":true,"href":"https:\/\/jm-metropole.com.br\/site\/wp-json\/wp\/v2\/users\/1"}],"replies":[{"embeddable":true,"href":"https:\/\/jm-metropole.com.br\/site\/wp-json\/wp\/v2\/comments?post=29796"}],"version-history":[{"count":1,"href":"https:\/\/jm-metropole.com.br\/site\/wp-json\/wp\/v2\/posts\/29796\/revisions"}],"predecessor-version":[{"id":29799,"href":"https:\/\/jm-metropole.com.br\/site\/wp-json\/wp\/v2\/posts\/29796\/revisions\/29799"}],"wp:featuredmedia":[{"embeddable":true,"href":"https:\/\/jm-metropole.com.br\/site\/wp-json\/wp\/v2\/media\/29798"}],"wp:attachment":[{"href":"https:\/\/jm-metropole.com.br\/site\/wp-json\/wp\/v2\/media?parent=29796"}],"wp:term":[{"taxonomy":"category","embeddable":true,"href":"https:\/\/jm-metropole.com.br\/site\/wp-json\/wp\/v2\/categories?post=29796"},{"taxonomy":"post_tag","embeddable":true,"href":"https:\/\/jm-metropole.com.br\/site\/wp-json\/wp\/v2\/tags?post=29796"}],"curies":[{"name":"wp","href":"https:\/\/api.w.org\/{rel}","templated":true}]}}