{"id":29789,"date":"2026-03-13T16:47:17","date_gmt":"2026-03-13T19:47:17","guid":{"rendered":"https:\/\/jm-metropole.com.br\/site\/?p=29789"},"modified":"2026-03-15T13:22:21","modified_gmt":"2026-03-15T16:22:21","slug":"gcm-de-itaqua-desarticula-27-pontos-de-armazenamento-de-drogas-no-marengo-desde-2021","status":"publish","type":"post","link":"https:\/\/jm-metropole.com.br\/site\/gcm-de-itaqua-desarticula-27-pontos-de-armazenamento-de-drogas-no-marengo-desde-2021\/","title":{"rendered":"GCM DE ITAQU\u00c1 DESARTICULA 27 PONTOS DE ARMAZENAMENTO DE DROGAS NO MARENGO DESDE 2021"},"content":{"rendered":"<p style=\"text-align: justify;\" data-path-to-node=\"1\">A Guarda Civil Municipal (GCM) de Itaquaquecetuba intensificou as a\u00e7\u00f5es de combate ao tr\u00e1fico de drogas no Parque Residencial Marengo. Por meio da Opera\u00e7\u00e3o For\u00e7a Azul, a corpora\u00e7\u00e3o desarticulou 27 im\u00f3veis utilizados como &#8220;casas-bomba&#8221; \u2014 locais destinados ao armazenamento e distribui\u00e7\u00e3o de entorpecentes \u2014 no per\u00edodo entre 2021 e 2026. A estrat\u00e9gia de atua\u00e7\u00e3o permanente visa enfraquecer a log\u00edstica de organiza\u00e7\u00f5es criminosas e refor\u00e7ar a seguran\u00e7a p\u00fablica no bairro.<\/p>\n<p style=\"text-align: justify;\" data-path-to-node=\"2\"><img loading=\"lazy\" decoding=\"async\" class=\"alignright wp-image-29764 size-medium\" src=\"https:\/\/jm-metropole.com.br\/site\/wp-content\/uploads\/2026\/03\/WhatsApp-Image-2026-03-13-at-14.02.01-1-225x300.jpeg\" alt=\"\" width=\"225\" height=\"300\" srcset=\"https:\/\/jm-metropole.com.br\/site\/wp-content\/uploads\/2026\/03\/WhatsApp-Image-2026-03-13-at-14.02.01-1-225x300.jpeg 225w, https:\/\/jm-metropole.com.br\/site\/wp-content\/uploads\/2026\/03\/WhatsApp-Image-2026-03-13-at-14.02.01-1-768x1024.jpeg 768w, https:\/\/jm-metropole.com.br\/site\/wp-content\/uploads\/2026\/03\/WhatsApp-Image-2026-03-13-at-14.02.01-1-150x200.jpeg 150w, https:\/\/jm-metropole.com.br\/site\/wp-content\/uploads\/2026\/03\/WhatsApp-Image-2026-03-13-at-14.02.01-1-300x400.jpeg 300w, https:\/\/jm-metropole.com.br\/site\/wp-content\/uploads\/2026\/03\/WhatsApp-Image-2026-03-13-at-14.02.01-1-600x800.jpeg 600w, https:\/\/jm-metropole.com.br\/site\/wp-content\/uploads\/2026\/03\/WhatsApp-Image-2026-03-13-at-14.02.01-1-696x928.jpeg 696w, https:\/\/jm-metropole.com.br\/site\/wp-content\/uploads\/2026\/03\/WhatsApp-Image-2026-03-13-at-14.02.01-1-315x420.jpeg 315w, https:\/\/jm-metropole.com.br\/site\/wp-content\/uploads\/2026\/03\/WhatsApp-Image-2026-03-13-at-14.02.01-1-630x840.jpeg 630w, https:\/\/jm-metropole.com.br\/site\/wp-content\/uploads\/2026\/03\/WhatsApp-Image-2026-03-13-at-14.02.01-1.jpeg 960w\" sizes=\"auto, (max-width: 225px) 100vw, 225px\" \/>A presen\u00e7a constante das viaturas e as rondas ostensivas na regi\u00e3o fazem parte de um planejamento para retomar o controle de \u00e1reas anteriormente marcadas pela criminalidade. Segundo a Secretaria de Seguran\u00e7a Urbana, o fechamento desses pontos representa um impacto direto na estrutura dos grupos que atuavam na localidade, desmobilizando inclusive locais associados a pr\u00e1ticas de viol\u00eancia interna de fac\u00e7\u00f5es.<\/p>\n<p style=\"text-align: justify;\" data-path-to-node=\"3\">A administra\u00e7\u00e3o municipal destacou que o resultado \u00e9 fruto de investimentos em intelig\u00eancia e presen\u00e7a f\u00edsica nas ruas. Para a gest\u00e3o, a continuidade das opera\u00e7\u00f5es \u00e9 essencial para garantir a tranquilidade dos moradores e demonstrar que o Poder P\u00fablico ocupa espa\u00e7os antes dominados pelo crime organizado. O trabalho integra um conjunto de metas voltadas \u00e0 melhoria da qualidade de vida e \u00e0 redu\u00e7\u00e3o dos \u00edndices de viol\u00eancia em Itaquaquecetuba.<\/p>\n<p style=\"text-align: justify;\" data-path-to-node=\"4\">A GCM ressalta a import\u00e2ncia da colabora\u00e7\u00e3o dos cidad\u00e3os para o sucesso das opera\u00e7\u00f5es. Den\u00fancias podem ser realizadas de forma an\u00f4nima pelos telefones 153 ou (11) 4753-1108, al\u00e9m dos demais canais de atendimento e da ouvidoria municipal dispon\u00edvel no site oficial da prefeitura.<\/p>\n","protected":false},"excerpt":{"rendered":"<p>A Guarda Civil Municipal (GCM) de Itaquaquecetuba intensificou as a\u00e7\u00f5es de combate ao tr\u00e1fico de drogas no Parque Residencial Marengo. Por meio da Opera\u00e7\u00e3o For\u00e7a Azul, a corpora\u00e7\u00e3o desarticulou 27 im\u00f3veis utilizados como &#8220;casas-bomba&#8221; \u2014 locais destinados ao armazenamento e distribui\u00e7\u00e3o de entorpecentes \u2014 no per\u00edodo entre 2021 e 2026. A estrat\u00e9gia de atua\u00e7\u00e3o permanente [&hellip;]<\/p>\n","protected":false},"author":1,"featured_media":29765,"comment_status":"open","ping_status":"open","sticky":false,"template":"","format":"standard","meta":{"footnotes":""},"categories":[6,16],"tags":[],"class_list":{"0":"post-29789","1":"post","2":"type-post","3":"status-publish","4":"format-standard","5":"has-post-thumbnail","7":"category-itaqua","8":"category-seguranca"},"_links":{"self":[{"href":"https:\/\/jm-metropole.com.br\/site\/wp-json\/wp\/v2\/posts\/29789","targetHints":{"allow":["GET"]}}],"collection":[{"href":"https:\/\/jm-metropole.com.br\/site\/wp-json\/wp\/v2\/posts"}],"about":[{"href":"https:\/\/jm-metropole.com.br\/site\/wp-json\/wp\/v2\/types\/post"}],"author":[{"embeddable":true,"href":"https:\/\/jm-metropole.com.br\/site\/wp-json\/wp\/v2\/users\/1"}],"replies":[{"embeddable":true,"href":"https:\/\/jm-metropole.com.br\/site\/wp-json\/wp\/v2\/comments?post=29789"}],"version-history":[{"count":1,"href":"https:\/\/jm-metropole.com.br\/site\/wp-json\/wp\/v2\/posts\/29789\/revisions"}],"predecessor-version":[{"id":29790,"href":"https:\/\/jm-metropole.com.br\/site\/wp-json\/wp\/v2\/posts\/29789\/revisions\/29790"}],"wp:featuredmedia":[{"embeddable":true,"href":"https:\/\/jm-metropole.com.br\/site\/wp-json\/wp\/v2\/media\/29765"}],"wp:attachment":[{"href":"https:\/\/jm-metropole.com.br\/site\/wp-json\/wp\/v2\/media?parent=29789"}],"wp:term":[{"taxonomy":"category","embeddable":true,"href":"https:\/\/jm-metropole.com.br\/site\/wp-json\/wp\/v2\/categories?post=29789"},{"taxonomy":"post_tag","embeddable":true,"href":"https:\/\/jm-metropole.com.br\/site\/wp-json\/wp\/v2\/tags?post=29789"}],"curies":[{"name":"wp","href":"https:\/\/api.w.org\/{rel}","templated":true}]}}