{"id":29785,"date":"2026-03-13T17:05:38","date_gmt":"2026-03-13T20:05:38","guid":{"rendered":"https:\/\/jm-metropole.com.br\/site\/?p=29785"},"modified":"2026-03-15T13:27:14","modified_gmt":"2026-03-15T16:27:14","slug":"camara-de-aruja-abre-inscricoes-para-seminarios-de-empreendedorismo-feminino-em-parceria-com-o-sebrae","status":"publish","type":"post","link":"https:\/\/jm-metropole.com.br\/site\/camara-de-aruja-abre-inscricoes-para-seminarios-de-empreendedorismo-feminino-em-parceria-com-o-sebrae\/","title":{"rendered":"C\u00c2MARA DE ARUJ\u00c1 ABRE INSCRI\u00c7\u00d5ES PARA SEMIN\u00c1RIOS DE EMPREENDEDORISMO FEMININO EM PARCERIA COM O SEBRAE"},"content":{"rendered":"<p style=\"text-align: justify;\" data-path-to-node=\"1\">A C\u00e2mara Municipal de Aruj\u00e1, por meio da Procuradoria Especial da Mulher, est\u00e1 com inscri\u00e7\u00f5es abertas para dois semin\u00e1rios voltados ao fortalecimento do neg\u00f3cio pr\u00f3prio: &#8220;Seja Dona da Sua Trajet\u00f3ria&#8221; e &#8220;Empreendedorismo Feminino na Pr\u00e1tica&#8221;. Os eventos, realizados em parceria com o Sebrae Delas, ocorrer\u00e3o nos dias 25 e 26 de mar\u00e7o, das 19 \u00e0s 21 horas, no Sal\u00e3o Nobre do Legislativo.<\/p>\n<p style=\"text-align: justify;\" data-path-to-node=\"2\">As atividades integram a programa\u00e7\u00e3o especial do M\u00eas da Mulher e t\u00eam como objetivo oferecer ferramentas de lideran\u00e7a e gest\u00e3o, al\u00e9m de promover a troca de experi\u00eancias entre empreendedoras locais. Segundo a Procuradoria da Mulher, o conte\u00fado abordar\u00e1 como as viv\u00eancias pessoais influenciam a condu\u00e7\u00e3o de neg\u00f3cios e a conquista de objetivos profissionais, buscando garantir mais independ\u00eancia e conhecimento t\u00e9cnico para as participantes.<\/p>\n<p style=\"text-align: justify;\" data-path-to-node=\"3\">As interessadas podem realizar a inscri\u00e7\u00e3o gratuita antecipadamente pelo site oficial da C\u00e2mara de Aruj\u00e1. Al\u00e9m dos semin\u00e1rios, o cronograma de mar\u00e7o inclui uma a\u00e7\u00e3o social no dia 22 de mar\u00e7o, na Pra\u00e7a do Coreto, das 9 \u00e0s 15 horas. O evento &#8220;Cuidando de quem cuida&#8221; oferecer\u00e1 servi\u00e7os de sa\u00fade, assist\u00eancia jur\u00eddica, orienta\u00e7\u00f5es da Patrulha Maria da Penha, al\u00e9m de sorteios de bolsas de estudo e atividades de lazer e beleza.<\/p>\n<p style=\"text-align: justify;\" data-path-to-node=\"4\">A programa\u00e7\u00e3o do m\u00eas j\u00e1 contou com palestras sobre sa\u00fade mental e o lan\u00e7amento da Cartilha pelo Fim da Viol\u00eancia Contra as Mulheres. A iniciativa refor\u00e7a a atua\u00e7\u00e3o da Rede de Prote\u00e7\u00e3o Integrada da Mulher e do Conselho Municipal dos Direitos da Mulher na cidade, unindo capacita\u00e7\u00e3o profissional e suporte social em um \u00fanico calend\u00e1rio comemorativo.<\/p>\n","protected":false},"excerpt":{"rendered":"<p>A C\u00e2mara Municipal de Aruj\u00e1, por meio da Procuradoria Especial da Mulher, est\u00e1 com inscri\u00e7\u00f5es abertas para dois semin\u00e1rios voltados ao fortalecimento do neg\u00f3cio pr\u00f3prio: &#8220;Seja Dona da Sua Trajet\u00f3ria&#8221; e &#8220;Empreendedorismo Feminino na Pr\u00e1tica&#8221;. Os eventos, realizados em parceria com o Sebrae Delas, ocorrer\u00e3o nos dias 25 e 26 de mar\u00e7o, das 19 \u00e0s [&hellip;]<\/p>\n","protected":false},"author":1,"featured_media":29756,"comment_status":"open","ping_status":"open","sticky":false,"template":"","format":"standard","meta":{"footnotes":""},"categories":[4,20],"tags":[],"class_list":{"0":"post-29785","1":"post","2":"type-post","3":"status-publish","4":"format-standard","5":"has-post-thumbnail","7":"category-aruja","8":"category-trabalho-e-emprego"},"_links":{"self":[{"href":"https:\/\/jm-metropole.com.br\/site\/wp-json\/wp\/v2\/posts\/29785","targetHints":{"allow":["GET"]}}],"collection":[{"href":"https:\/\/jm-metropole.com.br\/site\/wp-json\/wp\/v2\/posts"}],"about":[{"href":"https:\/\/jm-metropole.com.br\/site\/wp-json\/wp\/v2\/types\/post"}],"author":[{"embeddable":true,"href":"https:\/\/jm-metropole.com.br\/site\/wp-json\/wp\/v2\/users\/1"}],"replies":[{"embeddable":true,"href":"https:\/\/jm-metropole.com.br\/site\/wp-json\/wp\/v2\/comments?post=29785"}],"version-history":[{"count":1,"href":"https:\/\/jm-metropole.com.br\/site\/wp-json\/wp\/v2\/posts\/29785\/revisions"}],"predecessor-version":[{"id":29786,"href":"https:\/\/jm-metropole.com.br\/site\/wp-json\/wp\/v2\/posts\/29785\/revisions\/29786"}],"wp:featuredmedia":[{"embeddable":true,"href":"https:\/\/jm-metropole.com.br\/site\/wp-json\/wp\/v2\/media\/29756"}],"wp:attachment":[{"href":"https:\/\/jm-metropole.com.br\/site\/wp-json\/wp\/v2\/media?parent=29785"}],"wp:term":[{"taxonomy":"category","embeddable":true,"href":"https:\/\/jm-metropole.com.br\/site\/wp-json\/wp\/v2\/categories?post=29785"},{"taxonomy":"post_tag","embeddable":true,"href":"https:\/\/jm-metropole.com.br\/site\/wp-json\/wp\/v2\/tags?post=29785"}],"curies":[{"name":"wp","href":"https:\/\/api.w.org\/{rel}","templated":true}]}}