{"id":29777,"date":"2026-03-13T16:57:17","date_gmt":"2026-03-13T19:57:17","guid":{"rendered":"https:\/\/jm-metropole.com.br\/site\/?p=29777"},"modified":"2026-03-15T13:21:47","modified_gmt":"2026-03-15T16:21:47","slug":"inscricoes-para-frente-de-trabalho-em-aruja-terao-atendimento-itinerante-pelo-cras-movel","status":"publish","type":"post","link":"https:\/\/jm-metropole.com.br\/site\/inscricoes-para-frente-de-trabalho-em-aruja-terao-atendimento-itinerante-pelo-cras-movel\/","title":{"rendered":"INSCRI\u00c7\u00d5ES PARA FRENTE DE TRABALHO EM ARUJ\u00c1 TER\u00c3O ATENDIMENTO ITINERANTE PELO CRAS M\u00d3VEL"},"content":{"rendered":"<p style=\"text-align: justify;\" data-path-to-node=\"1\">A Prefeitura de Aruj\u00e1 inicia, no dia 16 de mar\u00e7o, a segunda fase de inscri\u00e7\u00f5es para o Programa Emergencial Aux\u00edlio ao Desemprego, conhecido como Frente de Trabalho Municipal. Nesta etapa, o atendimento ser\u00e1 realizado de forma itinerante pelo CRAS M\u00f3vel, que percorrer\u00e1 diversos bairros da cidade para facilitar o acesso dos moradores ao programa, especialmente em \u00e1reas mais afastadas.<\/p>\n<p style=\"text-align: justify;\" data-path-to-node=\"2\"><img loading=\"lazy\" decoding=\"async\" class=\"alignright wp-image-29781 size-medium\" src=\"https:\/\/jm-metropole.com.br\/site\/wp-content\/uploads\/2026\/03\/WhatsApp-Image-2026-03-13-at-13.58.28-300x169.jpeg\" alt=\"\" width=\"300\" height=\"169\" srcset=\"https:\/\/jm-metropole.com.br\/site\/wp-content\/uploads\/2026\/03\/WhatsApp-Image-2026-03-13-at-13.58.28-300x169.jpeg 300w, https:\/\/jm-metropole.com.br\/site\/wp-content\/uploads\/2026\/03\/WhatsApp-Image-2026-03-13-at-13.58.28-1024x576.jpeg 1024w, https:\/\/jm-metropole.com.br\/site\/wp-content\/uploads\/2026\/03\/WhatsApp-Image-2026-03-13-at-13.58.28-768x432.jpeg 768w, https:\/\/jm-metropole.com.br\/site\/wp-content\/uploads\/2026\/03\/WhatsApp-Image-2026-03-13-at-13.58.28-150x84.jpeg 150w, https:\/\/jm-metropole.com.br\/site\/wp-content\/uploads\/2026\/03\/WhatsApp-Image-2026-03-13-at-13.58.28-600x338.jpeg 600w, https:\/\/jm-metropole.com.br\/site\/wp-content\/uploads\/2026\/03\/WhatsApp-Image-2026-03-13-at-13.58.28-696x392.jpeg 696w, https:\/\/jm-metropole.com.br\/site\/wp-content\/uploads\/2026\/03\/WhatsApp-Image-2026-03-13-at-13.58.28-1068x601.jpeg 1068w, https:\/\/jm-metropole.com.br\/site\/wp-content\/uploads\/2026\/03\/WhatsApp-Image-2026-03-13-at-13.58.28-747x420.jpeg 747w, https:\/\/jm-metropole.com.br\/site\/wp-content\/uploads\/2026\/03\/WhatsApp-Image-2026-03-13-at-13.58.28.jpeg 1280w\" sizes=\"auto, (max-width: 300px) 100vw, 300px\" \/>Coordenada pela Secretaria Municipal de Assist\u00eancia Social, a iniciativa busca levar os servi\u00e7os socioassistenciais diretamente \u00e0s comunidades. O CRAS M\u00f3vel funcionar\u00e1 em escolas e espa\u00e7os p\u00fablicos, oferecendo orienta\u00e7\u00f5es e recebendo a documenta\u00e7\u00e3o dos candidatos. Para participar da sele\u00e7\u00e3o, os interessados devem residir em Aruj\u00e1 h\u00e1 pelo menos um ano, estar desempregados h\u00e1 mais de 12 meses e possuir renda familiar de at\u00e9 dois sal\u00e1rios m\u00ednimos.<\/p>\n<p style=\"text-align: justify;\" data-path-to-node=\"3\">No momento da inscri\u00e7\u00e3o, \u00e9 obrigat\u00f3rio apresentar RG, CPF, comprovante de endere\u00e7o, folha resumo atualizada do Cadastro \u00danico, atestado de antecedentes criminais e Carteira de Trabalho. O cronograma de atendimento itinerante segue at\u00e9 o dia 21 de mar\u00e7o, abrangendo regi\u00f5es como Jardim S\u00e3o Jorge, Est\u00e2ncia Pacaembu, Port\u00e3o, Nova Aruj\u00e1, Retiro e Mirante, entre outras.<\/p>\n<p style=\"text-align: justify;\" data-path-to-node=\"4\">A descentraliza\u00e7\u00e3o do servi\u00e7o visa garantir que as pessoas que atendem aos crit\u00e9rios do edital consigam efetivar sua participa\u00e7\u00e3o sem a necessidade de deslocamento at\u00e9 as unidades fixas do Centro de Refer\u00eancia de Assist\u00eancia Social. O calend\u00e1rio completo com locais e hor\u00e1rios de cada bairro est\u00e1 dispon\u00edvel nos canais oficiais da administra\u00e7\u00e3o municipal.<\/p>\n","protected":false},"excerpt":{"rendered":"<p>A Prefeitura de Aruj\u00e1 inicia, no dia 16 de mar\u00e7o, a segunda fase de inscri\u00e7\u00f5es para o Programa Emergencial Aux\u00edlio ao Desemprego, conhecido como Frente de Trabalho Municipal. Nesta etapa, o atendimento ser\u00e1 realizado de forma itinerante pelo CRAS M\u00f3vel, que percorrer\u00e1 diversos bairros da cidade para facilitar o acesso dos moradores ao programa, especialmente [&hellip;]<\/p>\n","protected":false},"author":1,"featured_media":29759,"comment_status":"open","ping_status":"open","sticky":false,"template":"","format":"standard","meta":{"footnotes":""},"categories":[4,20],"tags":[],"class_list":{"0":"post-29777","1":"post","2":"type-post","3":"status-publish","4":"format-standard","5":"has-post-thumbnail","7":"category-aruja","8":"category-trabalho-e-emprego"},"_links":{"self":[{"href":"https:\/\/jm-metropole.com.br\/site\/wp-json\/wp\/v2\/posts\/29777","targetHints":{"allow":["GET"]}}],"collection":[{"href":"https:\/\/jm-metropole.com.br\/site\/wp-json\/wp\/v2\/posts"}],"about":[{"href":"https:\/\/jm-metropole.com.br\/site\/wp-json\/wp\/v2\/types\/post"}],"author":[{"embeddable":true,"href":"https:\/\/jm-metropole.com.br\/site\/wp-json\/wp\/v2\/users\/1"}],"replies":[{"embeddable":true,"href":"https:\/\/jm-metropole.com.br\/site\/wp-json\/wp\/v2\/comments?post=29777"}],"version-history":[{"count":1,"href":"https:\/\/jm-metropole.com.br\/site\/wp-json\/wp\/v2\/posts\/29777\/revisions"}],"predecessor-version":[{"id":29782,"href":"https:\/\/jm-metropole.com.br\/site\/wp-json\/wp\/v2\/posts\/29777\/revisions\/29782"}],"wp:featuredmedia":[{"embeddable":true,"href":"https:\/\/jm-metropole.com.br\/site\/wp-json\/wp\/v2\/media\/29759"}],"wp:attachment":[{"href":"https:\/\/jm-metropole.com.br\/site\/wp-json\/wp\/v2\/media?parent=29777"}],"wp:term":[{"taxonomy":"category","embeddable":true,"href":"https:\/\/jm-metropole.com.br\/site\/wp-json\/wp\/v2\/categories?post=29777"},{"taxonomy":"post_tag","embeddable":true,"href":"https:\/\/jm-metropole.com.br\/site\/wp-json\/wp\/v2\/tags?post=29777"}],"curies":[{"name":"wp","href":"https:\/\/api.w.org\/{rel}","templated":true}]}}