{"id":29775,"date":"2026-03-13T16:48:14","date_gmt":"2026-03-13T19:48:14","guid":{"rendered":"https:\/\/jm-metropole.com.br\/site\/?p=29775"},"modified":"2026-03-15T13:22:03","modified_gmt":"2026-03-15T16:22:03","slug":"santa-isabel-recebe-nova-van-para-reforco-no-transporte-sanitario","status":"publish","type":"post","link":"https:\/\/jm-metropole.com.br\/site\/santa-isabel-recebe-nova-van-para-reforco-no-transporte-sanitario\/","title":{"rendered":"COM APOIO DO ANDR\u00c9 DO PRADO, SANTA ISABEL RECEBE NOVA VAN PARA REFOR\u00c7O NO TRANSPORTE SANIT\u00c1RIO"},"content":{"rendered":"<p>A Prefeitura de Santa Isabel recebeu um novo ve\u00edculo destinado ao transporte sanit\u00e1rio, refor\u00e7ando a frota municipal para o deslocamento de pacientes que necessitam de consultas, exames e tratamentos especializados. A entrega \u00e9 fruto de uma iniciativa do Governo do Estado de S\u00e3o Paulo, por meio da Secretaria de Estado da Sa\u00fade (SES-SP), e contou com a articula\u00e7\u00e3o pol\u00edtica do deputado estadual e presidente da Assembleia Legislativa (Alesp), Andr\u00e9 do Prado.<\/p>\n<p>A chegada deste novo ve\u00edculo \u00e9 considerada estrat\u00e9gica para o munic\u00edpio, uma vez que a popula\u00e7\u00e3o frequentemente relata dificuldades com o transporte sanit\u00e1rio e atrasos no atendimento de ambul\u00e2ncias. A amplia\u00e7\u00e3o da frota visa justamente mitigar esses gargalos, garantindo que o suporte chegue com mais agilidade e que o cronograma de viagens para atendimentos em outras cidades seja cumprido sem preju\u00edzos aos pacientes.<\/p>\n<p>A a\u00e7\u00e3o faz parte de um investimento de R$ 53 milh\u00f5es anunciado pelo governador Tarc\u00edsio de Freitas para o fortalecimento da estrutura de transporte sanit\u00e1rio em todo o interior paulista. Nesta primeira etapa, foram entregues 200 novos ve\u00edculos, entre ambul\u00e2ncias e vans, com o objetivo de garantir mais seguran\u00e7a e conforto no atendimento aos cidad\u00e3os que dependem da rede p\u00fablica.<\/p>\n<p>Para o munic\u00edpio de Santa Isabel, a nova van representa uma amplia\u00e7\u00e3o na capacidade operacional da Secretaria Municipal de Sa\u00fade, auxiliando especialmente em trajetos de m\u00e9dia e alta complexidade. O governador Tarc\u00edsio de Freitas destacou que o investimento visa contemplar todos os 645 munic\u00edpios paulistas, enquanto o deputado Andr\u00e9 do Prado refor\u00e7ou seu compromisso em viabilizar recursos que atendam diretamente ao clamor da comunidade por melhorias na sa\u00fade p\u00fablica.<\/p>\n<p>O novo ve\u00edculo passar\u00e1 a integrar oficialmente a frota municipal assim que forem finalizados os tr\u00e2mites administrativos, como documenta\u00e7\u00e3o e seguro obrigat\u00f3rio. A administra\u00e7\u00e3o municipal informou que segue trabalhando em parceria com o Estado para modernizar a rede de sa\u00fade local e oferecer um servi\u00e7o mais humano e eficiente.<\/p>\n","protected":false},"excerpt":{"rendered":"<p>A Prefeitura de Santa Isabel recebeu um novo ve\u00edculo destinado ao transporte sanit\u00e1rio, refor\u00e7ando a frota municipal para o deslocamento de pacientes que necessitam de consultas, exames e tratamentos especializados. A entrega \u00e9 fruto de uma iniciativa do Governo do Estado de S\u00e3o Paulo, por meio da Secretaria de Estado da Sa\u00fade (SES-SP), e contou [&hellip;]<\/p>\n","protected":false},"author":1,"featured_media":29766,"comment_status":"open","ping_status":"open","sticky":false,"template":"","format":"standard","meta":{"footnotes":""},"categories":[5,11],"tags":[],"class_list":{"0":"post-29775","1":"post","2":"type-post","3":"status-publish","4":"format-standard","5":"has-post-thumbnail","7":"category-santa-isabel","8":"category-saude"},"_links":{"self":[{"href":"https:\/\/jm-metropole.com.br\/site\/wp-json\/wp\/v2\/posts\/29775","targetHints":{"allow":["GET"]}}],"collection":[{"href":"https:\/\/jm-metropole.com.br\/site\/wp-json\/wp\/v2\/posts"}],"about":[{"href":"https:\/\/jm-metropole.com.br\/site\/wp-json\/wp\/v2\/types\/post"}],"author":[{"embeddable":true,"href":"https:\/\/jm-metropole.com.br\/site\/wp-json\/wp\/v2\/users\/1"}],"replies":[{"embeddable":true,"href":"https:\/\/jm-metropole.com.br\/site\/wp-json\/wp\/v2\/comments?post=29775"}],"version-history":[{"count":2,"href":"https:\/\/jm-metropole.com.br\/site\/wp-json\/wp\/v2\/posts\/29775\/revisions"}],"predecessor-version":[{"id":29778,"href":"https:\/\/jm-metropole.com.br\/site\/wp-json\/wp\/v2\/posts\/29775\/revisions\/29778"}],"wp:featuredmedia":[{"embeddable":true,"href":"https:\/\/jm-metropole.com.br\/site\/wp-json\/wp\/v2\/media\/29766"}],"wp:attachment":[{"href":"https:\/\/jm-metropole.com.br\/site\/wp-json\/wp\/v2\/media?parent=29775"}],"wp:term":[{"taxonomy":"category","embeddable":true,"href":"https:\/\/jm-metropole.com.br\/site\/wp-json\/wp\/v2\/categories?post=29775"},{"taxonomy":"post_tag","embeddable":true,"href":"https:\/\/jm-metropole.com.br\/site\/wp-json\/wp\/v2\/tags?post=29775"}],"curies":[{"name":"wp","href":"https:\/\/api.w.org\/{rel}","templated":true}]}}