{"id":29771,"date":"2026-03-14T16:41:59","date_gmt":"2026-03-14T19:41:59","guid":{"rendered":"https:\/\/jm-metropole.com.br\/site\/?p=29771"},"modified":"2026-03-15T13:25:04","modified_gmt":"2026-03-15T16:25:04","slug":"secretaria-de-cultura-realiza-cafe-da-manha-em-homenagem-as-servidoras-em-suzano","status":"publish","type":"post","link":"https:\/\/jm-metropole.com.br\/site\/secretaria-de-cultura-realiza-cafe-da-manha-em-homenagem-as-servidoras-em-suzano\/","title":{"rendered":"SECRETARIA DE CULTURA REALIZA CAF\u00c9 DA MANH\u00c3 EM HOMENAGEM \u00c0S SERVIDORAS EM SUZANO"},"content":{"rendered":"<p style=\"text-align: justify;\" data-path-to-node=\"1\">A Secretaria Municipal de Cultura de Suzano promoveu, na manh\u00e3 desta quinta-feira (12\/03), um caf\u00e9 da manh\u00e3 especial voltado \u00e0s servidoras da pasta. O encontro foi realizado no Centro de Educa\u00e7\u00e3o e Cultura Francisco Carlos Moriconi, na regi\u00e3o central, e teve como foco o reconhecimento e a valoriza\u00e7\u00e3o do trabalho desempenhado pelas mulheres no setor cultural do munic\u00edpio.<\/p>\n<p style=\"text-align: justify;\" data-path-to-node=\"2\"><img loading=\"lazy\" decoding=\"async\" class=\"alignright wp-image-29752 size-medium\" src=\"https:\/\/jm-metropole.com.br\/site\/wp-content\/uploads\/2026\/03\/WhatsApp-Image-2026-03-13-at-13.51.38-1-300x200.jpeg\" alt=\"\" width=\"300\" height=\"200\" srcset=\"https:\/\/jm-metropole.com.br\/site\/wp-content\/uploads\/2026\/03\/WhatsApp-Image-2026-03-13-at-13.51.38-1-300x200.jpeg 300w, https:\/\/jm-metropole.com.br\/site\/wp-content\/uploads\/2026\/03\/WhatsApp-Image-2026-03-13-at-13.51.38-1-1024x683.jpeg 1024w, https:\/\/jm-metropole.com.br\/site\/wp-content\/uploads\/2026\/03\/WhatsApp-Image-2026-03-13-at-13.51.38-1-768x512.jpeg 768w, https:\/\/jm-metropole.com.br\/site\/wp-content\/uploads\/2026\/03\/WhatsApp-Image-2026-03-13-at-13.51.38-1-1536x1024.jpeg 1536w, https:\/\/jm-metropole.com.br\/site\/wp-content\/uploads\/2026\/03\/WhatsApp-Image-2026-03-13-at-13.51.38-1-150x100.jpeg 150w, https:\/\/jm-metropole.com.br\/site\/wp-content\/uploads\/2026\/03\/WhatsApp-Image-2026-03-13-at-13.51.38-1-600x400.jpeg 600w, https:\/\/jm-metropole.com.br\/site\/wp-content\/uploads\/2026\/03\/WhatsApp-Image-2026-03-13-at-13.51.38-1-696x464.jpeg 696w, https:\/\/jm-metropole.com.br\/site\/wp-content\/uploads\/2026\/03\/WhatsApp-Image-2026-03-13-at-13.51.38-1-1392x928.jpeg 1392w, https:\/\/jm-metropole.com.br\/site\/wp-content\/uploads\/2026\/03\/WhatsApp-Image-2026-03-13-at-13.51.38-1-1068x712.jpeg 1068w, https:\/\/jm-metropole.com.br\/site\/wp-content\/uploads\/2026\/03\/WhatsApp-Image-2026-03-13-at-13.51.38-1-630x420.jpeg 630w, https:\/\/jm-metropole.com.br\/site\/wp-content\/uploads\/2026\/03\/WhatsApp-Image-2026-03-13-at-13.51.38-1-1260x840.jpeg 1260w, https:\/\/jm-metropole.com.br\/site\/wp-content\/uploads\/2026\/03\/WhatsApp-Image-2026-03-13-at-13.51.38-1.jpeg 1599w\" sizes=\"auto, (max-width: 300px) 100vw, 300px\" \/>O evento contou com a participa\u00e7\u00e3o da primeira-dama D\u00e9borah Raffoul Ishi, do secret\u00e1rio de Cultura Jos\u00e9 Luiz Spitti, da diretora de Cultura M\u00e1rcia Belarmino e da respons\u00e1vel pelo Departamento da Mulher, Maria Margarida Mesquita. A iniciativa buscou criar um espa\u00e7o de di\u00e1logo e integra\u00e7\u00e3o, refor\u00e7ando o papel feminino na constru\u00e7\u00e3o das pol\u00edticas p\u00fablicas locais.<\/p>\n<p style=\"text-align: justify;\" data-path-to-node=\"3\">Durante a atividade, a primeira-dama ressaltou a import\u00e2ncia de valorizar o protagonismo das mulheres dentro da administra\u00e7\u00e3o municipal, destacando a dedica\u00e7\u00e3o cotidiana das profissionais. A administra\u00e7\u00e3o municipal pontuou que o encontro \u00e9 uma forma de reconhecer a contribui\u00e7\u00e3o das servidoras para o desenvolvimento das a\u00e7\u00f5es culturais na cidade, promovendo um ambiente de trabalho mais inclusivo e respeitoso.<\/p>\n<p style=\"text-align: justify;\" data-path-to-node=\"4\">Para a Secretaria de Cultura, momentos de integra\u00e7\u00e3o como este s\u00e3o fundamentais para incentivar as profissionais que atuam no fortalecimento da identidade cultural suzanense. A a\u00e7\u00e3o faz parte das atividades de valoriza\u00e7\u00e3o do quadro de servidores e de celebra\u00e7\u00e3o do protagonismo feminino ao longo do m\u00eas de mar\u00e7o.<\/p>\n","protected":false},"excerpt":{"rendered":"<p>A Secretaria Municipal de Cultura de Suzano promoveu, na manh\u00e3 desta quinta-feira (12\/03), um caf\u00e9 da manh\u00e3 especial voltado \u00e0s servidoras da pasta. O encontro foi realizado no Centro de Educa\u00e7\u00e3o e Cultura Francisco Carlos Moriconi, na regi\u00e3o central, e teve como foco o reconhecimento e a valoriza\u00e7\u00e3o do trabalho desempenhado pelas mulheres no setor [&hellip;]<\/p>\n","protected":false},"author":1,"featured_media":29753,"comment_status":"open","ping_status":"open","sticky":false,"template":"","format":"standard","meta":{"footnotes":""},"categories":[2,13,9],"tags":[],"class_list":{"0":"post-29771","1":"post","2":"type-post","3":"status-publish","4":"format-standard","5":"has-post-thumbnail","7":"category-cidades","8":"category-cultura","9":"category-suzano"},"_links":{"self":[{"href":"https:\/\/jm-metropole.com.br\/site\/wp-json\/wp\/v2\/posts\/29771","targetHints":{"allow":["GET"]}}],"collection":[{"href":"https:\/\/jm-metropole.com.br\/site\/wp-json\/wp\/v2\/posts"}],"about":[{"href":"https:\/\/jm-metropole.com.br\/site\/wp-json\/wp\/v2\/types\/post"}],"author":[{"embeddable":true,"href":"https:\/\/jm-metropole.com.br\/site\/wp-json\/wp\/v2\/users\/1"}],"replies":[{"embeddable":true,"href":"https:\/\/jm-metropole.com.br\/site\/wp-json\/wp\/v2\/comments?post=29771"}],"version-history":[{"count":1,"href":"https:\/\/jm-metropole.com.br\/site\/wp-json\/wp\/v2\/posts\/29771\/revisions"}],"predecessor-version":[{"id":29772,"href":"https:\/\/jm-metropole.com.br\/site\/wp-json\/wp\/v2\/posts\/29771\/revisions\/29772"}],"wp:featuredmedia":[{"embeddable":true,"href":"https:\/\/jm-metropole.com.br\/site\/wp-json\/wp\/v2\/media\/29753"}],"wp:attachment":[{"href":"https:\/\/jm-metropole.com.br\/site\/wp-json\/wp\/v2\/media?parent=29771"}],"wp:term":[{"taxonomy":"category","embeddable":true,"href":"https:\/\/jm-metropole.com.br\/site\/wp-json\/wp\/v2\/categories?post=29771"},{"taxonomy":"post_tag","embeddable":true,"href":"https:\/\/jm-metropole.com.br\/site\/wp-json\/wp\/v2\/tags?post=29771"}],"curies":[{"name":"wp","href":"https:\/\/api.w.org\/{rel}","templated":true}]}}