{"id":29768,"date":"2026-03-13T16:38:19","date_gmt":"2026-03-13T19:38:19","guid":{"rendered":"https:\/\/jm-metropole.com.br\/site\/?p=29768"},"modified":"2026-03-15T13:22:55","modified_gmt":"2026-03-15T16:22:55","slug":"procon-de-aruja-realiza-mutirao-de-renegociacao-de-dividas-de-16-a-19-de-marco","status":"publish","type":"post","link":"https:\/\/jm-metropole.com.br\/site\/procon-de-aruja-realiza-mutirao-de-renegociacao-de-dividas-de-16-a-19-de-marco\/","title":{"rendered":"PROCON DE ARUJA REALIZA MUTIR\u00c3O DE RENEGOCIA\u00c7\u00c3O DE D\u00cdVIDAS DE 16 A 19 DE MAR\u00c7O"},"content":{"rendered":"<p style=\"text-align: justify;\" data-path-to-node=\"1\">O Procon de Aruj\u00e1 promove, entre os dias 16 e 19 de mar\u00e7o, um mutir\u00e3o especial de renegocia\u00e7\u00e3o de d\u00edvidas em celebra\u00e7\u00e3o ao m\u00eas do consumidor. A a\u00e7\u00e3o ser\u00e1 realizada na sede do \u00f3rg\u00e3o, localizada na regi\u00e3o central, com atendimento das 9 \u00e0s 16 horas. O objetivo \u00e9 oferecer aos moradores a oportunidade de regularizar d\u00e9bitos com condi\u00e7\u00f5es diferenciadas, incluindo descontos em juros e multas, al\u00e9m de parcelamentos facilitados.<\/p>\n<p style=\"text-align: justify;\" data-path-to-node=\"2\">At\u00e9 o momento, institui\u00e7\u00f5es como Sabesp, Vivo, Caixa Econ\u00f4mica Federal, BMG e Daycoval est\u00e3o confirmadas para participar do mutir\u00e3o. A iniciativa busca mediar o contato direto entre consumidores e credores, facilitando a retirada de encargos e a organiza\u00e7\u00e3o financeira dos cidad\u00e3os. O atendimento ser\u00e1 feito por ordem de chegada durante os quatro dias de mobiliza\u00e7\u00e3o.<\/p>\n<p style=\"text-align: justify;\" data-path-to-node=\"3\">Para participar, o consumidor deve apresentar documentos pessoais (RG e CPF), comprovante de resid\u00eancia e qualquer documenta\u00e7\u00e3o que comprove a exist\u00eancia da d\u00edvida, seja em formato f\u00edsico ou digital. Al\u00e9m deste evento espec\u00edfico, o Procon de Aruj\u00e1 mant\u00e9m seu atendimento regular de segunda a sexta-feira para orienta\u00e7\u00f5es e reclama\u00e7\u00f5es sobre rela\u00e7\u00f5es de consumo.<\/p>\n<p style=\"text-align: justify;\" data-path-to-node=\"4\">Os interessados em obter mais detalhes sobre o mutir\u00e3o ou consultar a lista atualizada de empresas participantes podem entrar em contato com o \u00f3rg\u00e3o pelo telefone (11) 4610-8773 ou pelo e-mail oficial da unidade.<\/p>\n","protected":false},"excerpt":{"rendered":"<p>O Procon de Aruj\u00e1 promove, entre os dias 16 e 19 de mar\u00e7o, um mutir\u00e3o especial de renegocia\u00e7\u00e3o de d\u00edvidas em celebra\u00e7\u00e3o ao m\u00eas do consumidor. A a\u00e7\u00e3o ser\u00e1 realizada na sede do \u00f3rg\u00e3o, localizada na regi\u00e3o central, com atendimento das 9 \u00e0s 16 horas. O objetivo \u00e9 oferecer aos moradores a oportunidade de regularizar [&hellip;]<\/p>\n","protected":false},"author":1,"featured_media":29769,"comment_status":"open","ping_status":"open","sticky":false,"template":"","format":"standard","meta":{"footnotes":""},"categories":[4],"tags":[],"class_list":{"0":"post-29768","1":"post","2":"type-post","3":"status-publish","4":"format-standard","5":"has-post-thumbnail","7":"category-aruja"},"_links":{"self":[{"href":"https:\/\/jm-metropole.com.br\/site\/wp-json\/wp\/v2\/posts\/29768","targetHints":{"allow":["GET"]}}],"collection":[{"href":"https:\/\/jm-metropole.com.br\/site\/wp-json\/wp\/v2\/posts"}],"about":[{"href":"https:\/\/jm-metropole.com.br\/site\/wp-json\/wp\/v2\/types\/post"}],"author":[{"embeddable":true,"href":"https:\/\/jm-metropole.com.br\/site\/wp-json\/wp\/v2\/users\/1"}],"replies":[{"embeddable":true,"href":"https:\/\/jm-metropole.com.br\/site\/wp-json\/wp\/v2\/comments?post=29768"}],"version-history":[{"count":1,"href":"https:\/\/jm-metropole.com.br\/site\/wp-json\/wp\/v2\/posts\/29768\/revisions"}],"predecessor-version":[{"id":29770,"href":"https:\/\/jm-metropole.com.br\/site\/wp-json\/wp\/v2\/posts\/29768\/revisions\/29770"}],"wp:featuredmedia":[{"embeddable":true,"href":"https:\/\/jm-metropole.com.br\/site\/wp-json\/wp\/v2\/media\/29769"}],"wp:attachment":[{"href":"https:\/\/jm-metropole.com.br\/site\/wp-json\/wp\/v2\/media?parent=29768"}],"wp:term":[{"taxonomy":"category","embeddable":true,"href":"https:\/\/jm-metropole.com.br\/site\/wp-json\/wp\/v2\/categories?post=29768"},{"taxonomy":"post_tag","embeddable":true,"href":"https:\/\/jm-metropole.com.br\/site\/wp-json\/wp\/v2\/tags?post=29768"}],"curies":[{"name":"wp","href":"https:\/\/api.w.org\/{rel}","templated":true}]}}