{"id":29749,"date":"2026-03-13T16:12:16","date_gmt":"2026-03-13T19:12:16","guid":{"rendered":"https:\/\/jm-metropole.com.br\/site\/?p=29749"},"modified":"2026-03-15T13:25:10","modified_gmt":"2026-03-15T16:25:10","slug":"parque-max-feffer-recebe-encontro-musical-o-palco-e-delas-neste-domingo","status":"publish","type":"post","link":"https:\/\/jm-metropole.com.br\/site\/parque-max-feffer-recebe-encontro-musical-o-palco-e-delas-neste-domingo\/","title":{"rendered":"PARQUE MAX FEFFER RECEBE ENCONTRO MUSICAL \u2018O PALCO \u00c9 DELAS\u2019 NESTE DOMINGO"},"content":{"rendered":"<p style=\"text-align: justify;\" data-path-to-node=\"1\">A Secretaria Municipal de Cultura de Suzano promove, neste domingo (15\/03), o encontro musical \u201cO Palco \u00e9 Delas\u201d. O evento, que integra a agenda oficial do M\u00eas da Mulher Suzanense, reunir\u00e1 cantoras e instrumentistas em uma programa\u00e7\u00e3o gratuita dedicada \u00e0 valoriza\u00e7\u00e3o da presen\u00e7a feminina no cen\u00e1rio art\u00edstico. As apresenta\u00e7\u00f5es ocorrem das 13 horas \u00e0s 17h30, no Pavilh\u00e3o Zumbi dos Palmares, localizado no interior do Parque Municipal Max Feffer.<\/p>\n<p style=\"text-align: justify;\" data-path-to-node=\"2\">A iniciativa busca destacar a criatividade e a versatilidade das mulheres na m\u00fasica, celebrando trajet\u00f3rias de talento e resist\u00eancia. O p\u00fablico poder\u00e1 conferir os shows de Zanah, Lili e Veronica Gissi e Banda, artistas que representam diferentes estilos e narrativas da produ\u00e7\u00e3o cultural local e regional.<\/p>\n<p style=\"text-align: justify;\" data-path-to-node=\"3\">Zanah apresentar\u00e1 o repert\u00f3rio autoral de seu show \u201cCinzas\u201d, que explora temas de identidade e mem\u00f3ria. J\u00e1 a cantora e instrumentista Lili, expoente do samba e da MPB no Alto Tiet\u00ea, levar\u00e1 ao palco o trabalho registrado em seu EP mais recente. O encontro conta ainda com a participa\u00e7\u00e3o de Veronica Gissi, profissional com 15 anos de carreira e integrante da Orquestra Brasil Filarm\u00f4nica Wind.<\/p>\n<p style=\"text-align: justify;\" data-path-to-node=\"4\">Segundo a Secretaria de Cultura, o evento \u00e9 uma oportunidade de dar visibilidade \u00e0s produ\u00e7\u00f5es que carregam sensibilidade e identidade feminina, aproximando a popula\u00e7\u00e3o dos talentos da cidade. A programa\u00e7\u00e3o tem classifica\u00e7\u00e3o livre e aberta a todos os frequentadores do parque.<\/p>\n","protected":false},"excerpt":{"rendered":"<p>A Secretaria Municipal de Cultura de Suzano promove, neste domingo (15\/03), o encontro musical \u201cO Palco \u00e9 Delas\u201d. O evento, que integra a agenda oficial do M\u00eas da Mulher Suzanense, reunir\u00e1 cantoras e instrumentistas em uma programa\u00e7\u00e3o gratuita dedicada \u00e0 valoriza\u00e7\u00e3o da presen\u00e7a feminina no cen\u00e1rio art\u00edstico. As apresenta\u00e7\u00f5es ocorrem das 13 horas \u00e0s 17h30, [&hellip;]<\/p>\n","protected":false},"author":1,"featured_media":29754,"comment_status":"open","ping_status":"open","sticky":false,"template":"","format":"standard","meta":{"footnotes":""},"categories":[2,13,9],"tags":[],"class_list":{"0":"post-29749","1":"post","2":"type-post","3":"status-publish","4":"format-standard","5":"has-post-thumbnail","7":"category-cidades","8":"category-cultura","9":"category-suzano"},"_links":{"self":[{"href":"https:\/\/jm-metropole.com.br\/site\/wp-json\/wp\/v2\/posts\/29749","targetHints":{"allow":["GET"]}}],"collection":[{"href":"https:\/\/jm-metropole.com.br\/site\/wp-json\/wp\/v2\/posts"}],"about":[{"href":"https:\/\/jm-metropole.com.br\/site\/wp-json\/wp\/v2\/types\/post"}],"author":[{"embeddable":true,"href":"https:\/\/jm-metropole.com.br\/site\/wp-json\/wp\/v2\/users\/1"}],"replies":[{"embeddable":true,"href":"https:\/\/jm-metropole.com.br\/site\/wp-json\/wp\/v2\/comments?post=29749"}],"version-history":[{"count":1,"href":"https:\/\/jm-metropole.com.br\/site\/wp-json\/wp\/v2\/posts\/29749\/revisions"}],"predecessor-version":[{"id":29758,"href":"https:\/\/jm-metropole.com.br\/site\/wp-json\/wp\/v2\/posts\/29749\/revisions\/29758"}],"wp:featuredmedia":[{"embeddable":true,"href":"https:\/\/jm-metropole.com.br\/site\/wp-json\/wp\/v2\/media\/29754"}],"wp:attachment":[{"href":"https:\/\/jm-metropole.com.br\/site\/wp-json\/wp\/v2\/media?parent=29749"}],"wp:term":[{"taxonomy":"category","embeddable":true,"href":"https:\/\/jm-metropole.com.br\/site\/wp-json\/wp\/v2\/categories?post=29749"},{"taxonomy":"post_tag","embeddable":true,"href":"https:\/\/jm-metropole.com.br\/site\/wp-json\/wp\/v2\/tags?post=29749"}],"curies":[{"name":"wp","href":"https:\/\/api.w.org\/{rel}","templated":true}]}}