{"id":29736,"date":"2026-03-13T15:51:52","date_gmt":"2026-03-13T18:51:52","guid":{"rendered":"https:\/\/jm-metropole.com.br\/site\/?p=29736"},"modified":"2026-03-15T13:30:00","modified_gmt":"2026-03-15T16:30:00","slug":"guararema-reune-tradicao-religiosa-e-cultura-geek-neste-fim-de-semana","status":"publish","type":"post","link":"https:\/\/jm-metropole.com.br\/site\/guararema-reune-tradicao-religiosa-e-cultura-geek-neste-fim-de-semana\/","title":{"rendered":"GUARAREMA RE\u00daNE TRADI\u00c7\u00c3O RELIGIOSA E CULTURA GEEK NESTE FIM DE SEMANA"},"content":{"rendered":"<p style=\"text-align: justify;\" data-path-to-node=\"1\">Guararema apresenta uma programa\u00e7\u00e3o diversificada para este s\u00e1bado (14\/03) e domingo (15\/03), unindo f\u00e9 e entretenimento. O munic\u00edpio sedia simultaneamente a 24\u00aa Festa de S\u00e3o Longuinho, na Freguesia da Escada, e a 2\u00aa edi\u00e7\u00e3o do Guararema Pop Fest, no Parque de Lazer Professora Deocl\u00e9sia de Almeida Mello.<\/p>\n<p style=\"text-align: justify;\" data-path-to-node=\"2\"><img loading=\"lazy\" decoding=\"async\" class=\"alignright wp-image-29737 size-medium\" src=\"https:\/\/jm-metropole.com.br\/site\/wp-content\/uploads\/2026\/03\/WhatsApp-Image-2026-03-13-at-13.57.46-1-300x200.jpeg\" alt=\"\" width=\"300\" height=\"200\" srcset=\"https:\/\/jm-metropole.com.br\/site\/wp-content\/uploads\/2026\/03\/WhatsApp-Image-2026-03-13-at-13.57.46-1-300x200.jpeg 300w, https:\/\/jm-metropole.com.br\/site\/wp-content\/uploads\/2026\/03\/WhatsApp-Image-2026-03-13-at-13.57.46-1-1024x683.jpeg 1024w, https:\/\/jm-metropole.com.br\/site\/wp-content\/uploads\/2026\/03\/WhatsApp-Image-2026-03-13-at-13.57.46-1-768x512.jpeg 768w, https:\/\/jm-metropole.com.br\/site\/wp-content\/uploads\/2026\/03\/WhatsApp-Image-2026-03-13-at-13.57.46-1-1536x1024.jpeg 1536w, https:\/\/jm-metropole.com.br\/site\/wp-content\/uploads\/2026\/03\/WhatsApp-Image-2026-03-13-at-13.57.46-1-150x100.jpeg 150w, https:\/\/jm-metropole.com.br\/site\/wp-content\/uploads\/2026\/03\/WhatsApp-Image-2026-03-13-at-13.57.46-1-600x400.jpeg 600w, https:\/\/jm-metropole.com.br\/site\/wp-content\/uploads\/2026\/03\/WhatsApp-Image-2026-03-13-at-13.57.46-1-696x464.jpeg 696w, https:\/\/jm-metropole.com.br\/site\/wp-content\/uploads\/2026\/03\/WhatsApp-Image-2026-03-13-at-13.57.46-1-1392x928.jpeg 1392w, https:\/\/jm-metropole.com.br\/site\/wp-content\/uploads\/2026\/03\/WhatsApp-Image-2026-03-13-at-13.57.46-1-1068x712.jpeg 1068w, https:\/\/jm-metropole.com.br\/site\/wp-content\/uploads\/2026\/03\/WhatsApp-Image-2026-03-13-at-13.57.46-1-630x420.jpeg 630w, https:\/\/jm-metropole.com.br\/site\/wp-content\/uploads\/2026\/03\/WhatsApp-Image-2026-03-13-at-13.57.46-1-1260x840.jpeg 1260w, https:\/\/jm-metropole.com.br\/site\/wp-content\/uploads\/2026\/03\/WhatsApp-Image-2026-03-13-at-13.57.46-1.jpeg 1600w\" sizes=\"auto, (max-width: 300px) 100vw, 300px\" \/>A tradicional celebra\u00e7\u00e3o em honra a S\u00e3o Longuinho conta com novenas \u00e0s 19h30 e tem seu ponto alto no domingo. \u00c0s 10 horas, o bispo dom Pedro Luiz Stringhini preside a missa principal, seguida por prociss\u00e3o, almo\u00e7o comunit\u00e1rio e quermesse. O encerramento das festividades religiosas ocorre \u00e0s 18 horas, sob o comando do padre Jo\u00e3o Batista Ramos Motta, na Pra\u00e7a Salvador Lemes Cardoso.<\/p>\n<p style=\"text-align: justify;\" data-path-to-node=\"3\">Para o p\u00fablico entusiasta da cultura pop, o Parque de Lazer recebe o Guararema Pop Fest das 10 \u00e0s 19 horas em ambos os dias. O evento, realizado pela prefeitura, oferece pain\u00e9is tem\u00e1ticos, concursos de cosplay, \u00e1reas dedicadas a franquias como Star Wars e Harry Potter, al\u00e9m de salas de jogos e experi\u00eancias de escape room. Entre os destaques est\u00e1 a participa\u00e7\u00e3o do dublador Raul Schlosser, conhecido por trabalhos em animes e games.<\/p>\n<p style=\"text-align: justify;\" data-path-to-node=\"4\">As iniciativas buscam atrair diferentes perfis de p\u00fablico, movimentando o turismo local e oferecendo op\u00e7\u00f5es de lazer que contemplam desde a preserva\u00e7\u00e3o das ra\u00edzes hist\u00f3ricas at\u00e9 as novas tend\u00eancias do universo geek. Detalhes sobre hor\u00e1rios e a lista completa de atra\u00e7\u00f5es podem ser consultados nos canais oficiais de comunica\u00e7\u00e3o da administra\u00e7\u00e3o municipal.<\/p>\n","protected":false},"excerpt":{"rendered":"<p>Guararema apresenta uma programa\u00e7\u00e3o diversificada para este s\u00e1bado (14\/03) e domingo (15\/03), unindo f\u00e9 e entretenimento. O munic\u00edpio sedia simultaneamente a 24\u00aa Festa de S\u00e3o Longuinho, na Freguesia da Escada, e a 2\u00aa edi\u00e7\u00e3o do Guararema Pop Fest, no Parque de Lazer Professora Deocl\u00e9sia de Almeida Mello. A tradicional celebra\u00e7\u00e3o em honra a S\u00e3o Longuinho [&hellip;]<\/p>\n","protected":false},"author":1,"featured_media":29739,"comment_status":"open","ping_status":"open","sticky":false,"template":"","format":"standard","meta":{"footnotes":""},"categories":[2,13,8],"tags":[],"class_list":{"0":"post-29736","1":"post","2":"type-post","3":"status-publish","4":"format-standard","5":"has-post-thumbnail","7":"category-cidades","8":"category-cultura","9":"category-guararema"},"_links":{"self":[{"href":"https:\/\/jm-metropole.com.br\/site\/wp-json\/wp\/v2\/posts\/29736","targetHints":{"allow":["GET"]}}],"collection":[{"href":"https:\/\/jm-metropole.com.br\/site\/wp-json\/wp\/v2\/posts"}],"about":[{"href":"https:\/\/jm-metropole.com.br\/site\/wp-json\/wp\/v2\/types\/post"}],"author":[{"embeddable":true,"href":"https:\/\/jm-metropole.com.br\/site\/wp-json\/wp\/v2\/users\/1"}],"replies":[{"embeddable":true,"href":"https:\/\/jm-metropole.com.br\/site\/wp-json\/wp\/v2\/comments?post=29736"}],"version-history":[{"count":1,"href":"https:\/\/jm-metropole.com.br\/site\/wp-json\/wp\/v2\/posts\/29736\/revisions"}],"predecessor-version":[{"id":29740,"href":"https:\/\/jm-metropole.com.br\/site\/wp-json\/wp\/v2\/posts\/29736\/revisions\/29740"}],"wp:featuredmedia":[{"embeddable":true,"href":"https:\/\/jm-metropole.com.br\/site\/wp-json\/wp\/v2\/media\/29739"}],"wp:attachment":[{"href":"https:\/\/jm-metropole.com.br\/site\/wp-json\/wp\/v2\/media?parent=29736"}],"wp:term":[{"taxonomy":"category","embeddable":true,"href":"https:\/\/jm-metropole.com.br\/site\/wp-json\/wp\/v2\/categories?post=29736"},{"taxonomy":"post_tag","embeddable":true,"href":"https:\/\/jm-metropole.com.br\/site\/wp-json\/wp\/v2\/tags?post=29736"}],"curies":[{"name":"wp","href":"https:\/\/api.w.org\/{rel}","templated":true}]}}