{"id":29728,"date":"2026-03-13T15:38:04","date_gmt":"2026-03-13T18:38:04","guid":{"rendered":"https:\/\/jm-metropole.com.br\/site\/?p=29728"},"modified":"2026-03-15T13:26:40","modified_gmt":"2026-03-15T16:26:40","slug":"fundo-social-de-itaqua-realiza-almoco-especial-para-120-mulheres-neste-sabado","status":"publish","type":"post","link":"https:\/\/jm-metropole.com.br\/site\/fundo-social-de-itaqua-realiza-almoco-especial-para-120-mulheres-neste-sabado\/","title":{"rendered":"FUNDO SOCIAL DE ITAQU\u00c1 REALIZA ALMO\u00c7O ESPECIAL PARA 120 MULHERES NESTE S\u00c1BADO"},"content":{"rendered":"<p style=\"text-align: justify;\" data-path-to-node=\"1\">O Fundo Social de Solidariedade de Itaquaquecetuba promove, neste s\u00e1bado (14\/03), um almo\u00e7o especial em celebra\u00e7\u00e3o ao m\u00eas da mulher. O evento ser\u00e1 realizado no Centro de Conviv\u00eancia da Melhor Idade (CEMI) e reunir\u00e1 120 moradoras do munic\u00edpio para um momento de integra\u00e7\u00e3o, reconhecimento e valoriza\u00e7\u00e3o do protagonismo feminino na sociedade local.<\/p>\n<p style=\"text-align: justify;\" data-path-to-node=\"2\"><img loading=\"lazy\" decoding=\"async\" class=\"alignright wp-image-29730 size-medium\" src=\"https:\/\/jm-metropole.com.br\/site\/wp-content\/uploads\/2026\/03\/WhatsApp-Image-2026-03-13-at-14.00.44-200x300.jpeg\" alt=\"\" width=\"200\" height=\"300\" srcset=\"https:\/\/jm-metropole.com.br\/site\/wp-content\/uploads\/2026\/03\/WhatsApp-Image-2026-03-13-at-14.00.44-200x300.jpeg 200w, https:\/\/jm-metropole.com.br\/site\/wp-content\/uploads\/2026\/03\/WhatsApp-Image-2026-03-13-at-14.00.44-683x1024.jpeg 683w, https:\/\/jm-metropole.com.br\/site\/wp-content\/uploads\/2026\/03\/WhatsApp-Image-2026-03-13-at-14.00.44-768x1151.jpeg 768w, https:\/\/jm-metropole.com.br\/site\/wp-content\/uploads\/2026\/03\/WhatsApp-Image-2026-03-13-at-14.00.44-150x225.jpeg 150w, https:\/\/jm-metropole.com.br\/site\/wp-content\/uploads\/2026\/03\/WhatsApp-Image-2026-03-13-at-14.00.44-300x450.jpeg 300w, https:\/\/jm-metropole.com.br\/site\/wp-content\/uploads\/2026\/03\/WhatsApp-Image-2026-03-13-at-14.00.44-600x899.jpeg 600w, https:\/\/jm-metropole.com.br\/site\/wp-content\/uploads\/2026\/03\/WhatsApp-Image-2026-03-13-at-14.00.44-696x1043.jpeg 696w, https:\/\/jm-metropole.com.br\/site\/wp-content\/uploads\/2026\/03\/WhatsApp-Image-2026-03-13-at-14.00.44-280x420.jpeg 280w, https:\/\/jm-metropole.com.br\/site\/wp-content\/uploads\/2026\/03\/WhatsApp-Image-2026-03-13-at-14.00.44-560x840.jpeg 560w, https:\/\/jm-metropole.com.br\/site\/wp-content\/uploads\/2026\/03\/WhatsApp-Image-2026-03-13-at-14.00.44.jpeg 854w\" sizes=\"auto, (max-width: 200px) 100vw, 200px\" \/>As participantes da homenagem foram selecionadas por meio de um sorteio realizado entre as mulheres que frequentam as atividades e servi\u00e7os oferecidos pelo espa\u00e7o. A iniciativa faz parte de um cronograma de a\u00e7\u00f5es voltadas ao fortalecimento de pol\u00edticas p\u00fablicas e ao apoio direto \u00e0s mulheres da cidade, buscando oferecer um ambiente de acolhimento e celebra\u00e7\u00e3o de suas trajet\u00f3rias.<\/p>\n<p style=\"text-align: justify;\" data-path-to-node=\"3\">A presidente do Fundo Social e primeira-dama, Mila Boigues, destacou que a a\u00e7\u00e3o \u00e9 uma forma de expressar carinho e reconhecimento \u00e0quelas que contribuem para o desenvolvimento da comunidade. Segundo a administra\u00e7\u00e3o municipal, o encontro refor\u00e7a o compromisso da gest\u00e3o com o respeito e a promo\u00e7\u00e3o de oportunidades que incentivem a participa\u00e7\u00e3o ativa das mulheres em diferentes esferas.<\/p>\n<p style=\"text-align: justify;\" data-path-to-node=\"4\">O evento integra a agenda oficial de mar\u00e7o, m\u00eas dedicado \u00e0 reflex\u00e3o e \u00e0 promo\u00e7\u00e3o de iniciativas que destacam a import\u00e2ncia feminina na constru\u00e7\u00e3o de uma sociedade mais justa. Autoridades municipais refor\u00e7aram que o almo\u00e7o simboliza o agradecimento da gest\u00e3o \u00e0 for\u00e7a e \u00e0 hist\u00f3ria das moradoras de Itaquaquecetuba.<\/p>\n<p style=\"text-align: right;\" data-path-to-node=\"5\"><em>Fotos: Dayane Oliveira<\/em><\/p>\n","protected":false},"excerpt":{"rendered":"<p>O Fundo Social de Solidariedade de Itaquaquecetuba promove, neste s\u00e1bado (14\/03), um almo\u00e7o especial em celebra\u00e7\u00e3o ao m\u00eas da mulher. O evento ser\u00e1 realizado no Centro de Conviv\u00eancia da Melhor Idade (CEMI) e reunir\u00e1 120 moradoras do munic\u00edpio para um momento de integra\u00e7\u00e3o, reconhecimento e valoriza\u00e7\u00e3o do protagonismo feminino na sociedade local. As participantes da [&hellip;]<\/p>\n","protected":false},"author":1,"featured_media":29729,"comment_status":"open","ping_status":"open","sticky":false,"template":"","format":"standard","meta":{"footnotes":""},"categories":[6],"tags":[],"class_list":{"0":"post-29728","1":"post","2":"type-post","3":"status-publish","4":"format-standard","5":"has-post-thumbnail","7":"category-itaqua"},"_links":{"self":[{"href":"https:\/\/jm-metropole.com.br\/site\/wp-json\/wp\/v2\/posts\/29728","targetHints":{"allow":["GET"]}}],"collection":[{"href":"https:\/\/jm-metropole.com.br\/site\/wp-json\/wp\/v2\/posts"}],"about":[{"href":"https:\/\/jm-metropole.com.br\/site\/wp-json\/wp\/v2\/types\/post"}],"author":[{"embeddable":true,"href":"https:\/\/jm-metropole.com.br\/site\/wp-json\/wp\/v2\/users\/1"}],"replies":[{"embeddable":true,"href":"https:\/\/jm-metropole.com.br\/site\/wp-json\/wp\/v2\/comments?post=29728"}],"version-history":[{"count":1,"href":"https:\/\/jm-metropole.com.br\/site\/wp-json\/wp\/v2\/posts\/29728\/revisions"}],"predecessor-version":[{"id":29731,"href":"https:\/\/jm-metropole.com.br\/site\/wp-json\/wp\/v2\/posts\/29728\/revisions\/29731"}],"wp:featuredmedia":[{"embeddable":true,"href":"https:\/\/jm-metropole.com.br\/site\/wp-json\/wp\/v2\/media\/29729"}],"wp:attachment":[{"href":"https:\/\/jm-metropole.com.br\/site\/wp-json\/wp\/v2\/media?parent=29728"}],"wp:term":[{"taxonomy":"category","embeddable":true,"href":"https:\/\/jm-metropole.com.br\/site\/wp-json\/wp\/v2\/categories?post=29728"},{"taxonomy":"post_tag","embeddable":true,"href":"https:\/\/jm-metropole.com.br\/site\/wp-json\/wp\/v2\/tags?post=29728"}],"curies":[{"name":"wp","href":"https:\/\/api.w.org\/{rel}","templated":true}]}}