{"id":29724,"date":"2026-03-13T08:02:52","date_gmt":"2026-03-13T11:02:52","guid":{"rendered":"https:\/\/jm-metropole.com.br\/site\/?p=29724"},"modified":"2026-03-15T13:36:59","modified_gmt":"2026-03-15T16:36:59","slug":"atleta-da-equipe-do-mestre-rameda-e-vice-campeao-na-2a-etapa-do-campeonato-paulista-de-taekwondo","status":"publish","type":"post","link":"https:\/\/jm-metropole.com.br\/site\/atleta-da-equipe-do-mestre-rameda-e-vice-campeao-na-2a-etapa-do-campeonato-paulista-de-taekwondo\/","title":{"rendered":"ATLETA DA EQUIPE DO MESTRE RAMEDA \u00c9 VICE-CAMPE\u00c3O NA 2\u00aa ETAPA DO CAMPEONATO PAULISTA DE TAEKWONDO"},"content":{"rendered":"<p style=\"text-align: justify;\"><span style=\"font-weight: 400;\">No \u00faltimo final de semana, no dia 8 de mar\u00e7o, a cidade de S\u00e3o Bernardo do Campo sediou a 2\u00aa etapa do Campeonato Paulista de Taekwondo. O evento, organizado pela Federa\u00e7\u00e3o Paulista de Taekwondo (FPT) e supervisionado pela Liga Nacional de Taekwondo (LNT), reuniu 72 equipes de todo o estado e contou com a participa\u00e7\u00e3o de 730 atletas inscritos nas categorias de Kiorugui (lutas) e Poomsae (formas).<\/span><\/p>\n<p style=\"text-align: justify;\"><span style=\"font-weight: 400;\">O atleta Fernando Assis, integrante da equipe do Mestre Rameda, representou o munic\u00edpio na categoria faixa preta adulto (at\u00e9 54kg) e conquistou o t\u00edtulo de vice-campe\u00e3o da etapa. Para viabilizar sua participa\u00e7\u00e3o na competi\u00e7\u00e3o, o competidor contou com o apoio das \u00d3ticas Diniz Santa Isabel, que custeou a taxa de inscri\u00e7\u00e3o, e do Espa\u00e7o do A\u00e7a\u00ed Santa Isabel, respons\u00e1vel pelo transporte.<\/span><\/p>\n<p style=\"text-align: justify;\"><span style=\"font-weight: 400;\">Com o resultado, o foco da prepara\u00e7\u00e3o agora se volta para a corre\u00e7\u00e3o de falhas t\u00e9cnicas visando a 3\u00aa etapa do campeonato estadual. A pr\u00f3xima fase da competi\u00e7\u00e3o est\u00e1 prevista para ocorrer em Piracicaba, no dia 12 de abril.<\/span><\/p>\n","protected":false},"excerpt":{"rendered":"<p>No \u00faltimo final de semana, no dia 8 de mar\u00e7o, a cidade de S\u00e3o Bernardo do Campo sediou a 2\u00aa etapa do Campeonato Paulista de Taekwondo. O evento, organizado pela Federa\u00e7\u00e3o Paulista de Taekwondo (FPT) e supervisionado pela Liga Nacional de Taekwondo (LNT), reuniu 72 equipes de todo o estado e contou com a participa\u00e7\u00e3o [&hellip;]<\/p>\n","protected":false},"author":1,"featured_media":29792,"comment_status":"open","ping_status":"open","sticky":false,"template":"","format":"standard","meta":{"footnotes":""},"categories":[13,12,5],"tags":[],"class_list":{"0":"post-29724","1":"post","2":"type-post","3":"status-publish","4":"format-standard","5":"has-post-thumbnail","7":"category-cultura","8":"category-esporte","9":"category-santa-isabel"},"_links":{"self":[{"href":"https:\/\/jm-metropole.com.br\/site\/wp-json\/wp\/v2\/posts\/29724","targetHints":{"allow":["GET"]}}],"collection":[{"href":"https:\/\/jm-metropole.com.br\/site\/wp-json\/wp\/v2\/posts"}],"about":[{"href":"https:\/\/jm-metropole.com.br\/site\/wp-json\/wp\/v2\/types\/post"}],"author":[{"embeddable":true,"href":"https:\/\/jm-metropole.com.br\/site\/wp-json\/wp\/v2\/users\/1"}],"replies":[{"embeddable":true,"href":"https:\/\/jm-metropole.com.br\/site\/wp-json\/wp\/v2\/comments?post=29724"}],"version-history":[{"count":1,"href":"https:\/\/jm-metropole.com.br\/site\/wp-json\/wp\/v2\/posts\/29724\/revisions"}],"predecessor-version":[{"id":29727,"href":"https:\/\/jm-metropole.com.br\/site\/wp-json\/wp\/v2\/posts\/29724\/revisions\/29727"}],"wp:featuredmedia":[{"embeddable":true,"href":"https:\/\/jm-metropole.com.br\/site\/wp-json\/wp\/v2\/media\/29792"}],"wp:attachment":[{"href":"https:\/\/jm-metropole.com.br\/site\/wp-json\/wp\/v2\/media?parent=29724"}],"wp:term":[{"taxonomy":"category","embeddable":true,"href":"https:\/\/jm-metropole.com.br\/site\/wp-json\/wp\/v2\/categories?post=29724"},{"taxonomy":"post_tag","embeddable":true,"href":"https:\/\/jm-metropole.com.br\/site\/wp-json\/wp\/v2\/tags?post=29724"}],"curies":[{"name":"wp","href":"https:\/\/api.w.org\/{rel}","templated":true}]}}