{"id":29721,"date":"2026-03-13T08:01:47","date_gmt":"2026-03-13T11:01:47","guid":{"rendered":"https:\/\/jm-metropole.com.br\/site\/?p=29721"},"modified":"2026-03-15T13:30:26","modified_gmt":"2026-03-15T16:30:26","slug":"denuncia-aponta-falta-de-estrutura-e-fila-de-espera-na-fisioterapia-em-igarata","status":"publish","type":"post","link":"https:\/\/jm-metropole.com.br\/site\/denuncia-aponta-falta-de-estrutura-e-fila-de-espera-na-fisioterapia-em-igarata\/","title":{"rendered":"DEN\u00daNCIA APONTA FALTA DE ESTRUTURA E FILA DE ESPERA NA FISIOTERAPIA EM IGARAT\u00c1"},"content":{"rendered":"<p style=\"text-align: justify;\"><span style=\"font-weight: 400;\">O servi\u00e7o de fisioterapia municipal de Igarat\u00e1 \u00e9 alvo de den\u00fancias devido \u00e0 falta de estrutura e ao longo tempo de espera para atendimento. Relatos de moradores indicam que a fila para novos pacientes est\u00e1 represada desde setembro do ano passado, gerando dificuldades para fam\u00edlias que dependem do servi\u00e7o p\u00fablico de sa\u00fade.<\/span><\/p>\n<p style=\"text-align: justify;\"><span style=\"font-weight: 400;\">A den\u00fancia, repercutida pelo l\u00edder comunit\u00e1rio Renan Lobo, destaca que a situa\u00e7\u00e3o reflete uma falha no planejamento e na gest\u00e3o da Secretaria de Sa\u00fade e da Prefeitura Municipal. Segundo o relato, embora os profissionais da \u00e1rea atuem com os recursos dispon\u00edveis, a car\u00eancia de investimentos compromete a efici\u00eancia do setor, que \u00e9 considerado essencial para a recupera\u00e7\u00e3o e bem-estar dos cidad\u00e3os.<\/span><\/p>\n<p style=\"text-align: justify;\"><span style=\"font-weight: 400;\">A cobran\u00e7a apresentada refor\u00e7a a necessidade urgente de novos investimentos e de uma reorganiza\u00e7\u00e3o administrativa para dar vaz\u00e3o \u00e0 demanda reprimida. A falta de assist\u00eancia adequada em fisioterapia pode agravar quadros cl\u00ednicos de pacientes que aguardam h\u00e1 meses por uma vaga.<\/span><\/p>\n<p style=\"text-align: justify;\"><span style=\"font-weight: 400;\">O Jornal Metr\u00f3pole questionou a Prefeitura de Igarat\u00e1 sobre o cronograma de atendimentos, o tamanho atual da fila de espera e se h\u00e1 previs\u00e3o de novos investimentos ou contrata\u00e7\u00e3o de profissionais para a \u00e1rea. At\u00e9 o fechamento desta mat\u00e9ria, n\u00e3o houve retorno oficial.\u00a0<\/span><\/p>\n","protected":false},"excerpt":{"rendered":"<p>O servi\u00e7o de fisioterapia municipal de Igarat\u00e1 \u00e9 alvo de den\u00fancias devido \u00e0 falta de estrutura e ao longo tempo de espera para atendimento. Relatos de moradores indicam que a fila para novos pacientes est\u00e1 represada desde setembro do ano passado, gerando dificuldades para fam\u00edlias que dependem do servi\u00e7o p\u00fablico de sa\u00fade. A den\u00fancia, repercutida [&hellip;]<\/p>\n","protected":false},"author":1,"featured_media":29722,"comment_status":"open","ping_status":"open","sticky":false,"template":"","format":"standard","meta":{"footnotes":""},"categories":[7,11],"tags":[],"class_list":{"0":"post-29721","1":"post","2":"type-post","3":"status-publish","4":"format-standard","5":"has-post-thumbnail","7":"category-igarata","8":"category-saude"},"_links":{"self":[{"href":"https:\/\/jm-metropole.com.br\/site\/wp-json\/wp\/v2\/posts\/29721","targetHints":{"allow":["GET"]}}],"collection":[{"href":"https:\/\/jm-metropole.com.br\/site\/wp-json\/wp\/v2\/posts"}],"about":[{"href":"https:\/\/jm-metropole.com.br\/site\/wp-json\/wp\/v2\/types\/post"}],"author":[{"embeddable":true,"href":"https:\/\/jm-metropole.com.br\/site\/wp-json\/wp\/v2\/users\/1"}],"replies":[{"embeddable":true,"href":"https:\/\/jm-metropole.com.br\/site\/wp-json\/wp\/v2\/comments?post=29721"}],"version-history":[{"count":1,"href":"https:\/\/jm-metropole.com.br\/site\/wp-json\/wp\/v2\/posts\/29721\/revisions"}],"predecessor-version":[{"id":29723,"href":"https:\/\/jm-metropole.com.br\/site\/wp-json\/wp\/v2\/posts\/29721\/revisions\/29723"}],"wp:featuredmedia":[{"embeddable":true,"href":"https:\/\/jm-metropole.com.br\/site\/wp-json\/wp\/v2\/media\/29722"}],"wp:attachment":[{"href":"https:\/\/jm-metropole.com.br\/site\/wp-json\/wp\/v2\/media?parent=29721"}],"wp:term":[{"taxonomy":"category","embeddable":true,"href":"https:\/\/jm-metropole.com.br\/site\/wp-json\/wp\/v2\/categories?post=29721"},{"taxonomy":"post_tag","embeddable":true,"href":"https:\/\/jm-metropole.com.br\/site\/wp-json\/wp\/v2\/tags?post=29721"}],"curies":[{"name":"wp","href":"https:\/\/api.w.org\/{rel}","templated":true}]}}