{"id":29706,"date":"2026-03-12T10:17:45","date_gmt":"2026-03-12T13:17:45","guid":{"rendered":"https:\/\/jm-metropole.com.br\/site\/?p=29706"},"modified":"2026-03-15T13:18:45","modified_gmt":"2026-03-15T16:18:45","slug":"situacao-das-estradas-em-santa-isabel-prejudica-o-transporte-escolar-e-moradores","status":"publish","type":"post","link":"https:\/\/jm-metropole.com.br\/site\/situacao-das-estradas-em-santa-isabel-prejudica-o-transporte-escolar-e-moradores\/","title":{"rendered":"SITUA\u00c7\u00c3O DAS ESTRADAS EM SANTA ISABEL PREJUDICA O TRANSPORTE ESCOLAR E MORADORES"},"content":{"rendered":"<p style=\"text-align: justify;\">A precariedade das estradas rurais de Santa Isabel continua sendo motivo de revolta para os moradores. O caso mais recente envolveu um \u00f4nibus escolar que ficou impossibilitado de completar o trajeto devido ao estado cr\u00edtico da via no Bairro 55. Com o ve\u00edculo atolado na lama, crian\u00e7as de aproximadamente 4 anos de idade precisaram desembarcar sob chuva para seguir o caminho a p\u00e9.<\/p>\n<p style=\"text-align: justify;\"><img loading=\"lazy\" decoding=\"async\" class=\"alignright size-medium wp-image-29707\" src=\"https:\/\/jm-metropole.com.br\/site\/wp-content\/uploads\/2026\/03\/ESTADO-DAS-ESTRADAS-EM-SANTA-ISABEL-PREJUDICA-O-TRANSPORTE-ESCOLAR-1853-e1773321388872-278x300.jpeg\" alt=\"\" width=\"278\" height=\"300\" srcset=\"https:\/\/jm-metropole.com.br\/site\/wp-content\/uploads\/2026\/03\/ESTADO-DAS-ESTRADAS-EM-SANTA-ISABEL-PREJUDICA-O-TRANSPORTE-ESCOLAR-1853-e1773321388872-278x300.jpeg 278w, https:\/\/jm-metropole.com.br\/site\/wp-content\/uploads\/2026\/03\/ESTADO-DAS-ESTRADAS-EM-SANTA-ISABEL-PREJUDICA-O-TRANSPORTE-ESCOLAR-1853-e1773321388872-150x162.jpeg 150w, https:\/\/jm-metropole.com.br\/site\/wp-content\/uploads\/2026\/03\/ESTADO-DAS-ESTRADAS-EM-SANTA-ISABEL-PREJUDICA-O-TRANSPORTE-ESCOLAR-1853-e1773321388872-300x323.jpeg 300w, https:\/\/jm-metropole.com.br\/site\/wp-content\/uploads\/2026\/03\/ESTADO-DAS-ESTRADAS-EM-SANTA-ISABEL-PREJUDICA-O-TRANSPORTE-ESCOLAR-1853-e1773321388872-390x420.jpeg 390w, https:\/\/jm-metropole.com.br\/site\/wp-content\/uploads\/2026\/03\/ESTADO-DAS-ESTRADAS-EM-SANTA-ISABEL-PREJUDICA-O-TRANSPORTE-ESCOLAR-1853-e1773321388872.jpeg 540w\" sizes=\"auto, (max-width: 278px) 100vw, 278px\" \/>A situa\u00e7\u00e3o ocorre em um cen\u00e1rio onde o munic\u00edpio de Santa Isabel se encontra oficialmente em situa\u00e7\u00e3o de emerg\u00eancia. O decreto, assinado pelo prefeito Dr. Carlos Chinchilla, foi motivado pelos danos causados por um ciclone que atingiu a regi\u00e3o. O documento permite que a administra\u00e7\u00e3o p\u00fablica realize compras e contrata\u00e7\u00f5es de servi\u00e7os com dispensa de licita\u00e7\u00e3o para agilizar a recupera\u00e7\u00e3o da cidade. No entanto, moradores e usu\u00e1rios das vias apontam que, apesar das facilidades burocr\u00e1ticas previstas no decreto, a prefeitura ainda n\u00e3o apresentou um planejamento claro ou um trabalho efetivo que retire o munic\u00edpio do estado de precariedade.<\/p>\n<p style=\"text-align: justify;\">Moradores do bairro Cafund\u00f3, em Santa Isabel, denunciaram \u00e0 reda\u00e7\u00e3o do Jornal Metr\u00f3pole o estado de abandono da Estrada do Km 55. A via, que j\u00e1 apresentava buracos e falta de manuten\u00e7\u00e3o adequada, tornou-se intransit\u00e1vel com as recentes chuvas, impedindo a circula\u00e7\u00e3o de ve\u00edculos e, mais gravemente, do transporte escolar.<\/p>\n<p style=\"text-align: justify;\"><img loading=\"lazy\" decoding=\"async\" class=\"alignleft size-medium wp-image-29709\" src=\"https:\/\/jm-metropole.com.br\/site\/wp-content\/uploads\/2026\/03\/WhatsApp-Image-2026-03-12-at-08.10.21-e1773321419585-215x300.jpeg\" alt=\"\" width=\"215\" height=\"300\" srcset=\"https:\/\/jm-metropole.com.br\/site\/wp-content\/uploads\/2026\/03\/WhatsApp-Image-2026-03-12-at-08.10.21-e1773321419585-215x300.jpeg 215w, https:\/\/jm-metropole.com.br\/site\/wp-content\/uploads\/2026\/03\/WhatsApp-Image-2026-03-12-at-08.10.21-e1773321419585-150x210.jpeg 150w, https:\/\/jm-metropole.com.br\/site\/wp-content\/uploads\/2026\/03\/WhatsApp-Image-2026-03-12-at-08.10.21-e1773321419585-300x419.jpeg 300w, https:\/\/jm-metropole.com.br\/site\/wp-content\/uploads\/2026\/03\/WhatsApp-Image-2026-03-12-at-08.10.21-e1773321419585-600x838.jpeg 600w, https:\/\/jm-metropole.com.br\/site\/wp-content\/uploads\/2026\/03\/WhatsApp-Image-2026-03-12-at-08.10.21-e1773321419585-696x972.jpeg 696w, https:\/\/jm-metropole.com.br\/site\/wp-content\/uploads\/2026\/03\/WhatsApp-Image-2026-03-12-at-08.10.21-e1773321419585-301x420.jpeg 301w, https:\/\/jm-metropole.com.br\/site\/wp-content\/uploads\/2026\/03\/WhatsApp-Image-2026-03-12-at-08.10.21-e1773321419585-601x840.jpeg 601w, https:\/\/jm-metropole.com.br\/site\/wp-content\/uploads\/2026\/03\/WhatsApp-Image-2026-03-12-at-08.10.21-e1773321419585.jpeg 720w\" sizes=\"auto, (max-width: 215px) 100vw, 215px\" \/>Um comunicado da dire\u00e7\u00e3o da Escola Municipal Francisco Beraldo Filho confirmou as dificuldades do transporte escolar devido \u00e0s condi\u00e7\u00f5es da estrada. A dire\u00e7\u00e3o da escola enviou uma mensagem aos pais atrav\u00e9s de um grupo de WhatsApp, informando que o transporte da rota Aral\u00fa iria atrasar \u201cpois a van ficou atolada pr\u00f3ximo a escola\u201d, posteriormente sendo necess\u00e1rio acomodar diversos alunos em apenas uma van para garantir o retorno das crian\u00e7as para a casa.<\/p>\n<p style=\"text-align: justify;\">Essa confirma\u00e7\u00e3o oficial da escola exp\u00f5e a gravidade da situa\u00e7\u00e3o e os riscos para a comunidade. M\u00e3es e pais de alunos decidiram n\u00e3o enviar seus filhos \u00e0s aulas nos \u00faltimos dias devido \u00e0 inseguran\u00e7a e \u00e0 dificuldade de transporte.<\/p>\n<p style=\"text-align: justify;\">A comunidade clama por aten\u00e7\u00e3o das autoridades e das Secretarias de Obras e Educa\u00e7\u00e3o para que medidas sejam tomadas urgentemente na Estrada do Km 55. A falta de manuten\u00e7\u00e3o da via compromete a seguran\u00e7a de todos e fere o direito das crian\u00e7as de frequentar a escola. A comunidade reitera o pedido de obras de infraestrutura b\u00e1sica que garantam condi\u00e7\u00f5es m\u00ednimas de trafego e seguran\u00e7a.<\/p>\n<p style=\"text-align: center;\"><img loading=\"lazy\" decoding=\"async\" class=\"aligncenter size-large wp-image-29711\" src=\"https:\/\/jm-metropole.com.br\/site\/wp-content\/uploads\/2026\/03\/WhatsApp-Image-2026-03-12-at-07.49.33-1024x771.jpeg\" alt=\"\" width=\"696\" height=\"524\" srcset=\"https:\/\/jm-metropole.com.br\/site\/wp-content\/uploads\/2026\/03\/WhatsApp-Image-2026-03-12-at-07.49.33-1024x771.jpeg 1024w, https:\/\/jm-metropole.com.br\/site\/wp-content\/uploads\/2026\/03\/WhatsApp-Image-2026-03-12-at-07.49.33-300x226.jpeg 300w, https:\/\/jm-metropole.com.br\/site\/wp-content\/uploads\/2026\/03\/WhatsApp-Image-2026-03-12-at-07.49.33-768x578.jpeg 768w, https:\/\/jm-metropole.com.br\/site\/wp-content\/uploads\/2026\/03\/WhatsApp-Image-2026-03-12-at-07.49.33-1536x1156.jpeg 1536w, https:\/\/jm-metropole.com.br\/site\/wp-content\/uploads\/2026\/03\/WhatsApp-Image-2026-03-12-at-07.49.33-150x113.jpeg 150w, https:\/\/jm-metropole.com.br\/site\/wp-content\/uploads\/2026\/03\/WhatsApp-Image-2026-03-12-at-07.49.33-600x452.jpeg 600w, https:\/\/jm-metropole.com.br\/site\/wp-content\/uploads\/2026\/03\/WhatsApp-Image-2026-03-12-at-07.49.33-696x524.jpeg 696w, https:\/\/jm-metropole.com.br\/site\/wp-content\/uploads\/2026\/03\/WhatsApp-Image-2026-03-12-at-07.49.33-1392x1047.jpeg 1392w, https:\/\/jm-metropole.com.br\/site\/wp-content\/uploads\/2026\/03\/WhatsApp-Image-2026-03-12-at-07.49.33-1068x804.jpeg 1068w, https:\/\/jm-metropole.com.br\/site\/wp-content\/uploads\/2026\/03\/WhatsApp-Image-2026-03-12-at-07.49.33-558x420.jpeg 558w, https:\/\/jm-metropole.com.br\/site\/wp-content\/uploads\/2026\/03\/WhatsApp-Image-2026-03-12-at-07.49.33-1116x840.jpeg 1116w, https:\/\/jm-metropole.com.br\/site\/wp-content\/uploads\/2026\/03\/WhatsApp-Image-2026-03-12-at-07.49.33-80x60.jpeg 80w, https:\/\/jm-metropole.com.br\/site\/wp-content\/uploads\/2026\/03\/WhatsApp-Image-2026-03-12-at-07.49.33-160x120.jpeg 160w, https:\/\/jm-metropole.com.br\/site\/wp-content\/uploads\/2026\/03\/WhatsApp-Image-2026-03-12-at-07.49.33.jpeg 1600w\" sizes=\"auto, (max-width: 696px) 100vw, 696px\" \/><\/p>\n","protected":false},"excerpt":{"rendered":"<p>A precariedade das estradas rurais de Santa Isabel continua sendo motivo de revolta para os moradores. O caso mais recente envolveu um \u00f4nibus escolar que ficou impossibilitado de completar o trajeto devido ao estado cr\u00edtico da via no Bairro 55. Com o ve\u00edculo atolado na lama, crian\u00e7as de aproximadamente 4 anos de idade precisaram desembarcar [&hellip;]<\/p>\n","protected":false},"author":1,"featured_media":29708,"comment_status":"open","ping_status":"open","sticky":false,"template":"","format":"standard","meta":{"footnotes":""},"categories":[2,5],"tags":[],"class_list":{"0":"post-29706","1":"post","2":"type-post","3":"status-publish","4":"format-standard","5":"has-post-thumbnail","7":"category-cidades","8":"category-santa-isabel"},"_links":{"self":[{"href":"https:\/\/jm-metropole.com.br\/site\/wp-json\/wp\/v2\/posts\/29706","targetHints":{"allow":["GET"]}}],"collection":[{"href":"https:\/\/jm-metropole.com.br\/site\/wp-json\/wp\/v2\/posts"}],"about":[{"href":"https:\/\/jm-metropole.com.br\/site\/wp-json\/wp\/v2\/types\/post"}],"author":[{"embeddable":true,"href":"https:\/\/jm-metropole.com.br\/site\/wp-json\/wp\/v2\/users\/1"}],"replies":[{"embeddable":true,"href":"https:\/\/jm-metropole.com.br\/site\/wp-json\/wp\/v2\/comments?post=29706"}],"version-history":[{"count":1,"href":"https:\/\/jm-metropole.com.br\/site\/wp-json\/wp\/v2\/posts\/29706\/revisions"}],"predecessor-version":[{"id":29712,"href":"https:\/\/jm-metropole.com.br\/site\/wp-json\/wp\/v2\/posts\/29706\/revisions\/29712"}],"wp:featuredmedia":[{"embeddable":true,"href":"https:\/\/jm-metropole.com.br\/site\/wp-json\/wp\/v2\/media\/29708"}],"wp:attachment":[{"href":"https:\/\/jm-metropole.com.br\/site\/wp-json\/wp\/v2\/media?parent=29706"}],"wp:term":[{"taxonomy":"category","embeddable":true,"href":"https:\/\/jm-metropole.com.br\/site\/wp-json\/wp\/v2\/categories?post=29706"},{"taxonomy":"post_tag","embeddable":true,"href":"https:\/\/jm-metropole.com.br\/site\/wp-json\/wp\/v2\/tags?post=29706"}],"curies":[{"name":"wp","href":"https:\/\/api.w.org\/{rel}","templated":true}]}}