{"id":29698,"date":"2026-03-11T15:37:34","date_gmt":"2026-03-11T18:37:34","guid":{"rendered":"https:\/\/jm-metropole.com.br\/site\/?p=29698"},"modified":"2026-03-15T13:18:08","modified_gmt":"2026-03-15T16:18:08","slug":"prefeitura-de-guararema-segue-com-vacinacao-antirrabica-itinerante-em-marco","status":"publish","type":"post","link":"https:\/\/jm-metropole.com.br\/site\/prefeitura-de-guararema-segue-com-vacinacao-antirrabica-itinerante-em-marco\/","title":{"rendered":"PREFEITURA DE GUARAREMA SEGUE COM VACINA\u00c7\u00c3O ANTIRR\u00c1BICA ITINERANTE EM MAR\u00c7O"},"content":{"rendered":"<p style=\"text-align: justify;\" data-path-to-node=\"1\">A Prefeitura de Guararema continua com as a\u00e7\u00f5es itinerantes de vacina\u00e7\u00e3o antirr\u00e1bica para c\u00e3es e gatos ao longo do m\u00eas de mar\u00e7o. O atendimento gratuito, realizado pela Secretaria Municipal de Sa\u00fade, percorrer\u00e1 os bairros Pai\u00e3o, Capoeirinha, Centro e D\u2019Ajuda nos dias 13 e 27, com cronograma distribu\u00eddo nos per\u00edodos da manh\u00e3 e da tarde.<\/p>\n<p style=\"text-align: justify;\" data-path-to-node=\"2\"><img loading=\"lazy\" decoding=\"async\" class=\"alignright size-medium wp-image-29699\" src=\"https:\/\/jm-metropole.com.br\/site\/wp-content\/uploads\/2026\/03\/WhatsApp-Image-2026-03-11-at-14.34.53-300x200.jpeg\" alt=\"\" width=\"300\" height=\"200\" srcset=\"https:\/\/jm-metropole.com.br\/site\/wp-content\/uploads\/2026\/03\/WhatsApp-Image-2026-03-11-at-14.34.53-300x200.jpeg 300w, https:\/\/jm-metropole.com.br\/site\/wp-content\/uploads\/2026\/03\/WhatsApp-Image-2026-03-11-at-14.34.53-1024x683.jpeg 1024w, https:\/\/jm-metropole.com.br\/site\/wp-content\/uploads\/2026\/03\/WhatsApp-Image-2026-03-11-at-14.34.53-768x512.jpeg 768w, https:\/\/jm-metropole.com.br\/site\/wp-content\/uploads\/2026\/03\/WhatsApp-Image-2026-03-11-at-14.34.53-1536x1024.jpeg 1536w, https:\/\/jm-metropole.com.br\/site\/wp-content\/uploads\/2026\/03\/WhatsApp-Image-2026-03-11-at-14.34.53-150x100.jpeg 150w, https:\/\/jm-metropole.com.br\/site\/wp-content\/uploads\/2026\/03\/WhatsApp-Image-2026-03-11-at-14.34.53-600x400.jpeg 600w, https:\/\/jm-metropole.com.br\/site\/wp-content\/uploads\/2026\/03\/WhatsApp-Image-2026-03-11-at-14.34.53-696x464.jpeg 696w, https:\/\/jm-metropole.com.br\/site\/wp-content\/uploads\/2026\/03\/WhatsApp-Image-2026-03-11-at-14.34.53-1392x928.jpeg 1392w, https:\/\/jm-metropole.com.br\/site\/wp-content\/uploads\/2026\/03\/WhatsApp-Image-2026-03-11-at-14.34.53-1068x712.jpeg 1068w, https:\/\/jm-metropole.com.br\/site\/wp-content\/uploads\/2026\/03\/WhatsApp-Image-2026-03-11-at-14.34.53-630x420.jpeg 630w, https:\/\/jm-metropole.com.br\/site\/wp-content\/uploads\/2026\/03\/WhatsApp-Image-2026-03-11-at-14.34.53-1260x840.jpeg 1260w, https:\/\/jm-metropole.com.br\/site\/wp-content\/uploads\/2026\/03\/WhatsApp-Image-2026-03-11-at-14.34.53.jpeg 1600w\" sizes=\"auto, (max-width: 300px) 100vw, 300px\" \/>Nesta sexta-feira (13\/03), a vacina\u00e7\u00e3o acontece das 9h \u00e0s 11h30 na Pra\u00e7a Elisa de Carvalho Manograsso, no bairro Pai\u00e3o. J\u00e1 no per\u00edodo da tarde, das 13h30 \u00e0s 16h, a equipe estar\u00e1 na Estrada Municipal Romeu Tanganeli, no bairro Capoeirinha. A a\u00e7\u00e3o tem como objetivo facilitar o acesso dos tutores ao imunizante e garantir a prote\u00e7\u00e3o dos animais de estima\u00e7\u00e3o em diferentes regi\u00f5es da cidade.<\/p>\n<p style=\"text-align: justify;\" data-path-to-node=\"3\">O cronograma ter\u00e1 continuidade no dia 27 de mar\u00e7o. No per\u00edodo da manh\u00e3, o posto volante ser\u00e1 montado na Pra\u00e7a Jos\u00e9 Maria dos Santos, no bairro D\u2019Ajuda. No per\u00edodo da tarde, a vacina\u00e7\u00e3o encerra o ciclo de mar\u00e7o na Pra\u00e7a dos Expedicion\u00e1rios, ao lado da Academia da Terceira Idade (ATI), no Centro. Para receber a dose, os tutores devem levar seus animais diretamente aos pontos indicados nos hor\u00e1rios estabelecidos.<\/p>\n<p style=\"text-align: justify;\" data-path-to-node=\"4\">A vacina contra a raiva \u00e9 essencial para prevenir a doen\u00e7a, que \u00e9 grave e pode ser transmitida aos seres humanos. A iniciativa integra as pol\u00edticas de bem-estar animal do programa Bora Ser Feliz, em uma atua\u00e7\u00e3o conjunta entre as secretarias de Sa\u00fade e de Obras, Meio Ambiente e Bem-Estar Animal. A administra\u00e7\u00e3o municipal refor\u00e7a que a vacina\u00e7\u00e3o itinerante seguir\u00e1 ocorrendo em outros bairros ao longo do ano.<\/p>\n","protected":false},"excerpt":{"rendered":"<p>A Prefeitura de Guararema continua com as a\u00e7\u00f5es itinerantes de vacina\u00e7\u00e3o antirr\u00e1bica para c\u00e3es e gatos ao longo do m\u00eas de mar\u00e7o. O atendimento gratuito, realizado pela Secretaria Municipal de Sa\u00fade, percorrer\u00e1 os bairros Pai\u00e3o, Capoeirinha, Centro e D\u2019Ajuda nos dias 13 e 27, com cronograma distribu\u00eddo nos per\u00edodos da manh\u00e3 e da tarde. Nesta [&hellip;]<\/p>\n","protected":false},"author":1,"featured_media":29700,"comment_status":"open","ping_status":"open","sticky":false,"template":"","format":"standard","meta":{"footnotes":""},"categories":[8,11],"tags":[],"class_list":{"0":"post-29698","1":"post","2":"type-post","3":"status-publish","4":"format-standard","5":"has-post-thumbnail","7":"category-guararema","8":"category-saude"},"_links":{"self":[{"href":"https:\/\/jm-metropole.com.br\/site\/wp-json\/wp\/v2\/posts\/29698","targetHints":{"allow":["GET"]}}],"collection":[{"href":"https:\/\/jm-metropole.com.br\/site\/wp-json\/wp\/v2\/posts"}],"about":[{"href":"https:\/\/jm-metropole.com.br\/site\/wp-json\/wp\/v2\/types\/post"}],"author":[{"embeddable":true,"href":"https:\/\/jm-metropole.com.br\/site\/wp-json\/wp\/v2\/users\/1"}],"replies":[{"embeddable":true,"href":"https:\/\/jm-metropole.com.br\/site\/wp-json\/wp\/v2\/comments?post=29698"}],"version-history":[{"count":1,"href":"https:\/\/jm-metropole.com.br\/site\/wp-json\/wp\/v2\/posts\/29698\/revisions"}],"predecessor-version":[{"id":29701,"href":"https:\/\/jm-metropole.com.br\/site\/wp-json\/wp\/v2\/posts\/29698\/revisions\/29701"}],"wp:featuredmedia":[{"embeddable":true,"href":"https:\/\/jm-metropole.com.br\/site\/wp-json\/wp\/v2\/media\/29700"}],"wp:attachment":[{"href":"https:\/\/jm-metropole.com.br\/site\/wp-json\/wp\/v2\/media?parent=29698"}],"wp:term":[{"taxonomy":"category","embeddable":true,"href":"https:\/\/jm-metropole.com.br\/site\/wp-json\/wp\/v2\/categories?post=29698"},{"taxonomy":"post_tag","embeddable":true,"href":"https:\/\/jm-metropole.com.br\/site\/wp-json\/wp\/v2\/tags?post=29698"}],"curies":[{"name":"wp","href":"https:\/\/api.w.org\/{rel}","templated":true}]}}