{"id":29683,"date":"2026-03-11T15:18:29","date_gmt":"2026-03-11T18:18:29","guid":{"rendered":"https:\/\/jm-metropole.com.br\/site\/?p=29683"},"modified":"2026-03-15T13:20:52","modified_gmt":"2026-03-15T16:20:52","slug":"prefeitura-de-guararema-abre-inscricoes-para-a-10a-edicao-do-programa-jovem-em-foco","status":"publish","type":"post","link":"https:\/\/jm-metropole.com.br\/site\/prefeitura-de-guararema-abre-inscricoes-para-a-10a-edicao-do-programa-jovem-em-foco\/","title":{"rendered":"PREFEITURA DE GUARAREMA ABRE INSCRI\u00c7\u00d5ES PARA A 10\u00aa EDI\u00c7\u00c3O DO PROGRAMA JOVEM EM FOCO"},"content":{"rendered":"<p style=\"text-align: justify;\" data-path-to-node=\"1\">A Prefeitura de Guararema, por meio da Secretaria Municipal de Emprego e Desenvolvimento Econ\u00f4mico, anunciou a abertura das inscri\u00e7\u00f5es para a 10\u00aa edi\u00e7\u00e3o do programa Jovem em Foco. A iniciativa oferece capacita\u00e7\u00e3o gratuita para jovens com idade entre 16 e 22 anos, com o objetivo de preparar os participantes para os desafios do mercado de trabalho e para a vida adulta.<\/p>\n<p style=\"text-align: justify;\" data-path-to-node=\"2\"><img loading=\"lazy\" decoding=\"async\" class=\"alignright size-medium wp-image-29684\" src=\"https:\/\/jm-metropole.com.br\/site\/wp-content\/uploads\/2026\/03\/WhatsApp-Image-2026-03-11-at-14.34.54-1-300x200.jpeg\" alt=\"\" width=\"300\" height=\"200\" srcset=\"https:\/\/jm-metropole.com.br\/site\/wp-content\/uploads\/2026\/03\/WhatsApp-Image-2026-03-11-at-14.34.54-1-300x200.jpeg 300w, https:\/\/jm-metropole.com.br\/site\/wp-content\/uploads\/2026\/03\/WhatsApp-Image-2026-03-11-at-14.34.54-1-1024x683.jpeg 1024w, https:\/\/jm-metropole.com.br\/site\/wp-content\/uploads\/2026\/03\/WhatsApp-Image-2026-03-11-at-14.34.54-1-768x512.jpeg 768w, https:\/\/jm-metropole.com.br\/site\/wp-content\/uploads\/2026\/03\/WhatsApp-Image-2026-03-11-at-14.34.54-1-1536x1024.jpeg 1536w, https:\/\/jm-metropole.com.br\/site\/wp-content\/uploads\/2026\/03\/WhatsApp-Image-2026-03-11-at-14.34.54-1-150x100.jpeg 150w, https:\/\/jm-metropole.com.br\/site\/wp-content\/uploads\/2026\/03\/WhatsApp-Image-2026-03-11-at-14.34.54-1-600x400.jpeg 600w, https:\/\/jm-metropole.com.br\/site\/wp-content\/uploads\/2026\/03\/WhatsApp-Image-2026-03-11-at-14.34.54-1-696x464.jpeg 696w, https:\/\/jm-metropole.com.br\/site\/wp-content\/uploads\/2026\/03\/WhatsApp-Image-2026-03-11-at-14.34.54-1-1392x928.jpeg 1392w, https:\/\/jm-metropole.com.br\/site\/wp-content\/uploads\/2026\/03\/WhatsApp-Image-2026-03-11-at-14.34.54-1-1068x712.jpeg 1068w, https:\/\/jm-metropole.com.br\/site\/wp-content\/uploads\/2026\/03\/WhatsApp-Image-2026-03-11-at-14.34.54-1-630x420.jpeg 630w, https:\/\/jm-metropole.com.br\/site\/wp-content\/uploads\/2026\/03\/WhatsApp-Image-2026-03-11-at-14.34.54-1-1260x840.jpeg 1260w, https:\/\/jm-metropole.com.br\/site\/wp-content\/uploads\/2026\/03\/WhatsApp-Image-2026-03-11-at-14.34.54-1.jpeg 1600w\" sizes=\"auto, (max-width: 300px) 100vw, 300px\" \/>A programa\u00e7\u00e3o contar\u00e1 com seis encontros presenciais ao longo do m\u00eas de abril, realizados no audit\u00f3rio da secretaria, no Centro. Durante as atividades, os alunos receber\u00e3o orienta\u00e7\u00f5es sobre elabora\u00e7\u00e3o de curr\u00edculo, educa\u00e7\u00e3o financeira, intelig\u00eancia emocional e avalia\u00e7\u00e3o comportamental. O cronograma inclui ainda visitas t\u00e9cnicas a empresas locais para proporcionar uma vis\u00e3o pr\u00e1tica do ambiente corporativo.<\/p>\n<p style=\"text-align: justify;\" data-path-to-node=\"3\">Segundo a administra\u00e7\u00e3o municipal, o programa busca fortalecer compet\u00eancias pessoais como organiza\u00e7\u00e3o, criatividade e otimismo, fundamentais para o in\u00edcio da trajet\u00f3ria profissional. As aulas ocorrer\u00e3o nos dias 7, 9, 14, 16, 23 e 28 de abril, sempre no per\u00edodo da tarde, das 14 \u00e0s 17 horas.<\/p>\n<p style=\"text-align: justify;\" data-path-to-node=\"4\">As vagas s\u00e3o limitadas e os interessados podem se inscrever pelo formul\u00e1rio online ou presencialmente na sede da Secretaria de Emprego, mediante apresenta\u00e7\u00e3o de RG e comprovante de resid\u00eancia. O atendimento presencial funciona de segunda a sexta-feira, das 8 \u00e0s 12 horas e das 13 \u00e0s 17 horas. Informa\u00e7\u00f5es adicionais podem ser obtidas pelo telefone (11) 4693-1432 ou via WhatsApp pelo n\u00famero (11) 95630-0728.<\/p>\n","protected":false},"excerpt":{"rendered":"<p>A Prefeitura de Guararema, por meio da Secretaria Municipal de Emprego e Desenvolvimento Econ\u00f4mico, anunciou a abertura das inscri\u00e7\u00f5es para a 10\u00aa edi\u00e7\u00e3o do programa Jovem em Foco. A iniciativa oferece capacita\u00e7\u00e3o gratuita para jovens com idade entre 16 e 22 anos, com o objetivo de preparar os participantes para os desafios do mercado de [&hellip;]<\/p>\n","protected":false},"author":1,"featured_media":29685,"comment_status":"open","ping_status":"open","sticky":false,"template":"","format":"standard","meta":{"footnotes":""},"categories":[2,13,14,8],"tags":[],"class_list":{"0":"post-29683","1":"post","2":"type-post","3":"status-publish","4":"format-standard","5":"has-post-thumbnail","7":"category-cidades","8":"category-cultura","9":"category-educacao","10":"category-guararema"},"_links":{"self":[{"href":"https:\/\/jm-metropole.com.br\/site\/wp-json\/wp\/v2\/posts\/29683","targetHints":{"allow":["GET"]}}],"collection":[{"href":"https:\/\/jm-metropole.com.br\/site\/wp-json\/wp\/v2\/posts"}],"about":[{"href":"https:\/\/jm-metropole.com.br\/site\/wp-json\/wp\/v2\/types\/post"}],"author":[{"embeddable":true,"href":"https:\/\/jm-metropole.com.br\/site\/wp-json\/wp\/v2\/users\/1"}],"replies":[{"embeddable":true,"href":"https:\/\/jm-metropole.com.br\/site\/wp-json\/wp\/v2\/comments?post=29683"}],"version-history":[{"count":1,"href":"https:\/\/jm-metropole.com.br\/site\/wp-json\/wp\/v2\/posts\/29683\/revisions"}],"predecessor-version":[{"id":29686,"href":"https:\/\/jm-metropole.com.br\/site\/wp-json\/wp\/v2\/posts\/29683\/revisions\/29686"}],"wp:featuredmedia":[{"embeddable":true,"href":"https:\/\/jm-metropole.com.br\/site\/wp-json\/wp\/v2\/media\/29685"}],"wp:attachment":[{"href":"https:\/\/jm-metropole.com.br\/site\/wp-json\/wp\/v2\/media?parent=29683"}],"wp:term":[{"taxonomy":"category","embeddable":true,"href":"https:\/\/jm-metropole.com.br\/site\/wp-json\/wp\/v2\/categories?post=29683"},{"taxonomy":"post_tag","embeddable":true,"href":"https:\/\/jm-metropole.com.br\/site\/wp-json\/wp\/v2\/tags?post=29683"}],"curies":[{"name":"wp","href":"https:\/\/api.w.org\/{rel}","templated":true}]}}