{"id":29673,"date":"2026-03-11T15:19:08","date_gmt":"2026-03-11T18:19:08","guid":{"rendered":"https:\/\/jm-metropole.com.br\/site\/?p=29673"},"modified":"2026-03-15T13:20:28","modified_gmt":"2026-03-15T16:20:28","slug":"prefeitura-de-suzano-intensifica-zeladoria-com-megamutirao-em-diversos-bairros","status":"publish","type":"post","link":"https:\/\/jm-metropole.com.br\/site\/prefeitura-de-suzano-intensifica-zeladoria-com-megamutirao-em-diversos-bairros\/","title":{"rendered":"PREFEITURA DE SUZANO INTENSIFICA ZELADORIA COM MEGAMUTIR\u00c3O EM DIVERSOS BAIRROS"},"content":{"rendered":"<p style=\"text-align: justify;\" data-path-to-node=\"1\">A Prefeitura de Suzano mant\u00e9m frentes de trabalho em v\u00e1rias regi\u00f5es da cidade por meio do programa Suzano em A\u00e7\u00e3o &#8211; Megamutir\u00e3o de Zeladoria. A iniciativa mobiliza cerca de 200 trabalhadores e cem ve\u00edculos em servi\u00e7os de capina\u00e7\u00e3o, ro\u00e7agem, limpeza de bueiros, sinaliza\u00e7\u00e3o vi\u00e1ria, opera\u00e7\u00e3o Cata-Treco e tapa-buraco, com o objetivo de otimizar a manuten\u00e7\u00e3o urbana e a conserva\u00e7\u00e3o dos espa\u00e7os p\u00fablicos.<\/p>\n<p style=\"text-align: justify;\" data-path-to-node=\"2\"><img loading=\"lazy\" decoding=\"async\" class=\"alignright size-medium wp-image-29674\" src=\"https:\/\/jm-metropole.com.br\/site\/wp-content\/uploads\/2026\/03\/WhatsApp-Image-2026-03-11-at-14.19.55-1-300x200.jpeg\" alt=\"\" width=\"300\" height=\"200\" srcset=\"https:\/\/jm-metropole.com.br\/site\/wp-content\/uploads\/2026\/03\/WhatsApp-Image-2026-03-11-at-14.19.55-1-300x200.jpeg 300w, https:\/\/jm-metropole.com.br\/site\/wp-content\/uploads\/2026\/03\/WhatsApp-Image-2026-03-11-at-14.19.55-1-1024x682.jpeg 1024w, https:\/\/jm-metropole.com.br\/site\/wp-content\/uploads\/2026\/03\/WhatsApp-Image-2026-03-11-at-14.19.55-1-768x512.jpeg 768w, https:\/\/jm-metropole.com.br\/site\/wp-content\/uploads\/2026\/03\/WhatsApp-Image-2026-03-11-at-14.19.55-1-1536x1023.jpeg 1536w, https:\/\/jm-metropole.com.br\/site\/wp-content\/uploads\/2026\/03\/WhatsApp-Image-2026-03-11-at-14.19.55-1-150x100.jpeg 150w, https:\/\/jm-metropole.com.br\/site\/wp-content\/uploads\/2026\/03\/WhatsApp-Image-2026-03-11-at-14.19.55-1-600x400.jpeg 600w, https:\/\/jm-metropole.com.br\/site\/wp-content\/uploads\/2026\/03\/WhatsApp-Image-2026-03-11-at-14.19.55-1-696x464.jpeg 696w, https:\/\/jm-metropole.com.br\/site\/wp-content\/uploads\/2026\/03\/WhatsApp-Image-2026-03-11-at-14.19.55-1-1392x927.jpeg 1392w, https:\/\/jm-metropole.com.br\/site\/wp-content\/uploads\/2026\/03\/WhatsApp-Image-2026-03-11-at-14.19.55-1-1068x712.jpeg 1068w, https:\/\/jm-metropole.com.br\/site\/wp-content\/uploads\/2026\/03\/WhatsApp-Image-2026-03-11-at-14.19.55-1-630x420.jpeg 630w, https:\/\/jm-metropole.com.br\/site\/wp-content\/uploads\/2026\/03\/WhatsApp-Image-2026-03-11-at-14.19.55-1-1261x840.jpeg 1261w, https:\/\/jm-metropole.com.br\/site\/wp-content\/uploads\/2026\/03\/WhatsApp-Image-2026-03-11-at-14.19.55-1.jpeg 1600w\" sizes=\"auto, (max-width: 300px) 100vw, 300px\" \/>Nos \u00faltimos dias, a Secretaria Municipal de Manuten\u00e7\u00e3o e Servi\u00e7os Urbanos concentrou atividades de ro\u00e7agem em vias estrat\u00e9gicas, como as avenidas Vereador Jo\u00e3o Batista Fitipaldi, Boa Vista, Katsutoshi Naito e Dr. Prudente de Moraes, al\u00e9m de ruas na Vila Figueira e Vila Urup\u00eas. Mesmo em dias chuvosos, as equipes seguem um cronograma que prioriza o escoamento das \u00e1guas, incluindo a limpeza de bueiros na Marginal do Una para prevenir alagamentos.<\/p>\n<p style=\"text-align: justify;\" data-path-to-node=\"3\">A opera\u00e7\u00e3o Cata-Treco, coordenada pela Secretaria de Governo, tamb\u00e9m avan\u00e7ou por bairros como Cidade Miguel Badra, Jardim Revista, Jardim Planalto e Cidade Edson, removendo materiais volumosos descartados em locais irregulares. De forma integrada, a Secretaria de Transporte e Mobilidade Urbana atua no refor\u00e7o da sinaliza\u00e7\u00e3o horizontal e vertical, enquanto a Secretaria de Meio Ambiente realiza a manuten\u00e7\u00e3o de pra\u00e7as e \u00e1reas verdes, como a Pra\u00e7a Jos\u00e9 Celestino e o Ramal S\u00e3o Jos\u00e9.<\/p>\n<p style=\"text-align: justify;\" data-path-to-node=\"4\">O prefeito Pedro Ishi ressaltou que a estrat\u00e9gia de atua\u00e7\u00e3o simult\u00e2nea permite que o poder p\u00fablico esteja presente em v\u00e1rias frentes ao mesmo tempo, acelerando o atendimento \u00e0s demandas da popula\u00e7\u00e3o. O cronograma de servi\u00e7os continua ao longo da semana, conforme as condi\u00e7\u00f5es clim\u00e1ticas permitirem a execu\u00e7\u00e3o de recomposi\u00e7\u00e3o asf\u00e1ltica e outras interven\u00e7\u00f5es estruturais nos bairros.<\/p>\n<p style=\"text-align: right;\" data-path-to-node=\"5\"><em>Cr\u00e9dito das fotos: Wanderley Costa<\/em><\/p>\n","protected":false},"excerpt":{"rendered":"<p>A Prefeitura de Suzano mant\u00e9m frentes de trabalho em v\u00e1rias regi\u00f5es da cidade por meio do programa Suzano em A\u00e7\u00e3o &#8211; Megamutir\u00e3o de Zeladoria. A iniciativa mobiliza cerca de 200 trabalhadores e cem ve\u00edculos em servi\u00e7os de capina\u00e7\u00e3o, ro\u00e7agem, limpeza de bueiros, sinaliza\u00e7\u00e3o vi\u00e1ria, opera\u00e7\u00e3o Cata-Treco e tapa-buraco, com o objetivo de otimizar a manuten\u00e7\u00e3o [&hellip;]<\/p>\n","protected":false},"author":1,"featured_media":29675,"comment_status":"open","ping_status":"open","sticky":false,"template":"","format":"standard","meta":{"footnotes":""},"categories":[9],"tags":[],"class_list":{"0":"post-29673","1":"post","2":"type-post","3":"status-publish","4":"format-standard","5":"has-post-thumbnail","7":"category-suzano"},"_links":{"self":[{"href":"https:\/\/jm-metropole.com.br\/site\/wp-json\/wp\/v2\/posts\/29673","targetHints":{"allow":["GET"]}}],"collection":[{"href":"https:\/\/jm-metropole.com.br\/site\/wp-json\/wp\/v2\/posts"}],"about":[{"href":"https:\/\/jm-metropole.com.br\/site\/wp-json\/wp\/v2\/types\/post"}],"author":[{"embeddable":true,"href":"https:\/\/jm-metropole.com.br\/site\/wp-json\/wp\/v2\/users\/1"}],"replies":[{"embeddable":true,"href":"https:\/\/jm-metropole.com.br\/site\/wp-json\/wp\/v2\/comments?post=29673"}],"version-history":[{"count":1,"href":"https:\/\/jm-metropole.com.br\/site\/wp-json\/wp\/v2\/posts\/29673\/revisions"}],"predecessor-version":[{"id":29688,"href":"https:\/\/jm-metropole.com.br\/site\/wp-json\/wp\/v2\/posts\/29673\/revisions\/29688"}],"wp:featuredmedia":[{"embeddable":true,"href":"https:\/\/jm-metropole.com.br\/site\/wp-json\/wp\/v2\/media\/29675"}],"wp:attachment":[{"href":"https:\/\/jm-metropole.com.br\/site\/wp-json\/wp\/v2\/media?parent=29673"}],"wp:term":[{"taxonomy":"category","embeddable":true,"href":"https:\/\/jm-metropole.com.br\/site\/wp-json\/wp\/v2\/categories?post=29673"},{"taxonomy":"post_tag","embeddable":true,"href":"https:\/\/jm-metropole.com.br\/site\/wp-json\/wp\/v2\/tags?post=29673"}],"curies":[{"name":"wp","href":"https:\/\/api.w.org\/{rel}","templated":true}]}}