{"id":29660,"date":"2026-03-09T10:49:29","date_gmt":"2026-03-09T13:49:29","guid":{"rendered":"https:\/\/jm-metropole.com.br\/site\/?p=29660"},"modified":"2026-03-11T16:16:11","modified_gmt":"2026-03-11T19:16:11","slug":"suzano-consolida-rede-integrada-de-atendimento-e-protecao-a-mulher","status":"publish","type":"post","link":"https:\/\/jm-metropole.com.br\/site\/suzano-consolida-rede-integrada-de-atendimento-e-protecao-a-mulher\/","title":{"rendered":"SUZANO CONSOLIDA REDE INTEGRADA DE ATENDIMENTO E PROTE\u00c7\u00c3O \u00c0 MULHER"},"content":{"rendered":"<div id=\"model-response-message-contentr_11fef7396af53d5c\" class=\"markdown markdown-main-panel stronger enable-updated-hr-color\" dir=\"ltr\" aria-live=\"off\" aria-busy=\"false\">\n<p style=\"text-align: justify;\" data-path-to-node=\"1\">O munic\u00edpio de Suzano mant\u00e9m uma estrutura de pol\u00edticas p\u00fablicas voltadas ao bem-estar, autonomia e seguran\u00e7a das mulheres, articulando servi\u00e7os de sa\u00fade, assist\u00eancia social e seguran\u00e7a p\u00fablica. O sistema integrado visa oferecer atendimento especializado e acompanhamento cont\u00ednuo para o p\u00fablico feminino na regi\u00e3o.<\/p>\n<p style=\"text-align: justify;\" data-path-to-node=\"2\">Um dos eixos da rede \u00e9 a Patrulha Maria da Penha, operada pela Guarda Civil Municipal (GCM). O programa realiza o monitoramento de mulheres que possuem medidas protetivas de urg\u00eancia, com visitas peri\u00f3dicas e fiscaliza\u00e7\u00e3o do cumprimento de decis\u00f5es judiciais. A estrutura conta ainda com um aplicativo de prote\u00e7\u00e3o gerenciado pela Secretaria Municipal de Seguran\u00e7a Cidad\u00e3 para o acompanhamento das v\u00edtimas.<\/p>\n<p style=\"text-align: justify;\" data-path-to-node=\"3\"><img loading=\"lazy\" decoding=\"async\" class=\"alignright size-medium wp-image-29657\" src=\"https:\/\/jm-metropole.com.br\/site\/wp-content\/uploads\/2026\/03\/WhatsApp-Image-2026-03-07-at-14.32.35-300x200.jpeg\" alt=\"\" width=\"300\" height=\"200\" srcset=\"https:\/\/jm-metropole.com.br\/site\/wp-content\/uploads\/2026\/03\/WhatsApp-Image-2026-03-07-at-14.32.35-300x200.jpeg 300w, https:\/\/jm-metropole.com.br\/site\/wp-content\/uploads\/2026\/03\/WhatsApp-Image-2026-03-07-at-14.32.35-768x512.jpeg 768w, https:\/\/jm-metropole.com.br\/site\/wp-content\/uploads\/2026\/03\/WhatsApp-Image-2026-03-07-at-14.32.35-150x100.jpeg 150w, https:\/\/jm-metropole.com.br\/site\/wp-content\/uploads\/2026\/03\/WhatsApp-Image-2026-03-07-at-14.32.35-600x400.jpeg 600w, https:\/\/jm-metropole.com.br\/site\/wp-content\/uploads\/2026\/03\/WhatsApp-Image-2026-03-07-at-14.32.35-696x464.jpeg 696w, https:\/\/jm-metropole.com.br\/site\/wp-content\/uploads\/2026\/03\/WhatsApp-Image-2026-03-07-at-14.32.35-630x420.jpeg 630w, https:\/\/jm-metropole.com.br\/site\/wp-content\/uploads\/2026\/03\/WhatsApp-Image-2026-03-07-at-14.32.35.jpeg 948w\" sizes=\"auto, (max-width: 300px) 100vw, 300px\" \/>No setor de sa\u00fade, o atendimento especializado concentra-se na Cl\u00ednica da Mulher Claudete Oliveira dos Santos, localizada no Parque Santa Rosa. A unidade oferece consultas ginecol\u00f3gicas, exames e pr\u00e9-natal via regula\u00e7\u00e3o de vagas. O equipamento tamb\u00e9m faz parte do fluxo de acolhimento a v\u00edtimas de viol\u00eancia, integrando-se \u00e0 Rede de Aten\u00e7\u00e3o \u00e0 Pessoa em Situa\u00e7\u00e3o de Viol\u00eancia Dom\u00e9stica e Sexual (RapsVDS), que organiza o suporte psicol\u00f3gico e social de forma unificada.<\/p>\n<p style=\"text-align: justify;\" data-path-to-node=\"4\">A cidade disponibiliza tamb\u00e9m o servi\u00e7o de acolhimento para mulheres em situa\u00e7\u00e3o de risco, com orienta\u00e7\u00e3o jur\u00eddica e assistencial em ambiente protegido. No \u00e2mbito administrativo, o Departamento da Mulher, situado no Pa\u00e7o Municipal, atua na execu\u00e7\u00e3o de pol\u00edticas p\u00fablicas e a\u00e7\u00f5es educativas, trabalhando em conjunto com o Conselho Municipal dos Direitos da Mulher (CMDM), \u00f3rg\u00e3o respons\u00e1vel pela fiscaliza\u00e7\u00e3o e proposi\u00e7\u00e3o de metas para o setor.<\/p>\n<p style=\"text-align: justify;\" data-path-to-node=\"5\">Na esfera estadual, a seguran\u00e7a \u00e9 refor\u00e7ada pela Delegacia de Defesa da Mulher (DDM) e pela Sala Rosa, espa\u00e7o destinado ao atendimento humanizado e escuta reservada de ocorr\u00eancias.<\/p>\n<p style=\"text-align: justify;\" data-path-to-node=\"6\">Segundo a administra\u00e7\u00e3o municipal, a integra\u00e7\u00e3o dos servi\u00e7os busca garantir que o atendimento n\u00e3o seja fragmentado, assegurando que a v\u00edtima encontre suporte desde a notifica\u00e7\u00e3o do caso at\u00e9 o acompanhamento posterior. O foco das a\u00e7\u00f5es est\u00e1 no fortalecimento da autonomia feminina e na garantia de acesso aos direitos fundamentais.<\/p>\n<p style=\"text-align: justify;\" data-path-to-node=\"7\"><strong>Servi\u00e7os de apoio:<\/strong><\/p>\n<p style=\"text-align: justify;\" data-path-to-node=\"8\">Patrulha Maria da Penha: (11) 4745-2150 ou 153<\/p>\n<p style=\"text-align: justify;\" data-path-to-node=\"8\">Delegacia de Defesa da Mulher (DDM): (11) 4748-8040<\/p>\n<p style=\"text-align: justify;\" data-path-to-node=\"8\">Central de Atendimento \u00e0 Mulher: 180<\/p>\n<p style=\"text-align: justify;\" data-path-to-node=\"8\">Pol\u00edcia Militar: 190<\/p>\n<p style=\"text-align: justify;\" data-path-to-node=\"8\">RapsVDS: (11) 4745-2114 \/ 4745-2107 \/ 4747-2104<\/p>\n<p style=\"text-align: justify;\" data-path-to-node=\"8\">OAB Suzano (Comiss\u00e3o das Mulheres Advogadas): (11) 4748-7473<\/p>\n<p style=\"text-align: justify;\" data-path-to-node=\"8\">Centro de Refer\u00eancia e Apoio \u00e0 V\u00edtima (Cravi): (11) 4745-2180<\/p>\n<p style=\"text-align: justify;\" data-path-to-node=\"8\">Sala Rosa da DDM: (11) 4747-7524<\/p>\n<p style=\"text-align: right;\" data-path-to-node=\"9\"><em>Fotos: Wanderley Costa\/Secop Suzano e Gabriel Lima\/Secop Suzano<\/em><\/p>\n<\/div>\n","protected":false},"excerpt":{"rendered":"<p>O munic\u00edpio de Suzano mant\u00e9m uma estrutura de pol\u00edticas p\u00fablicas voltadas ao bem-estar, autonomia e seguran\u00e7a das mulheres, articulando servi\u00e7os de sa\u00fade, assist\u00eancia social e seguran\u00e7a p\u00fablica. O sistema integrado visa oferecer atendimento especializado e acompanhamento cont\u00ednuo para o p\u00fablico feminino na regi\u00e3o. Um dos eixos da rede \u00e9 a Patrulha Maria da Penha, operada [&hellip;]<\/p>\n","protected":false},"author":1,"featured_media":29656,"comment_status":"open","ping_status":"open","sticky":false,"template":"","format":"standard","meta":{"footnotes":""},"categories":[11,16,9],"tags":[],"class_list":{"0":"post-29660","1":"post","2":"type-post","3":"status-publish","4":"format-standard","5":"has-post-thumbnail","7":"category-saude","8":"category-seguranca","9":"category-suzano"},"_links":{"self":[{"href":"https:\/\/jm-metropole.com.br\/site\/wp-json\/wp\/v2\/posts\/29660","targetHints":{"allow":["GET"]}}],"collection":[{"href":"https:\/\/jm-metropole.com.br\/site\/wp-json\/wp\/v2\/posts"}],"about":[{"href":"https:\/\/jm-metropole.com.br\/site\/wp-json\/wp\/v2\/types\/post"}],"author":[{"embeddable":true,"href":"https:\/\/jm-metropole.com.br\/site\/wp-json\/wp\/v2\/users\/1"}],"replies":[{"embeddable":true,"href":"https:\/\/jm-metropole.com.br\/site\/wp-json\/wp\/v2\/comments?post=29660"}],"version-history":[{"count":2,"href":"https:\/\/jm-metropole.com.br\/site\/wp-json\/wp\/v2\/posts\/29660\/revisions"}],"predecessor-version":[{"id":29705,"href":"https:\/\/jm-metropole.com.br\/site\/wp-json\/wp\/v2\/posts\/29660\/revisions\/29705"}],"wp:featuredmedia":[{"embeddable":true,"href":"https:\/\/jm-metropole.com.br\/site\/wp-json\/wp\/v2\/media\/29656"}],"wp:attachment":[{"href":"https:\/\/jm-metropole.com.br\/site\/wp-json\/wp\/v2\/media?parent=29660"}],"wp:term":[{"taxonomy":"category","embeddable":true,"href":"https:\/\/jm-metropole.com.br\/site\/wp-json\/wp\/v2\/categories?post=29660"},{"taxonomy":"post_tag","embeddable":true,"href":"https:\/\/jm-metropole.com.br\/site\/wp-json\/wp\/v2\/tags?post=29660"}],"curies":[{"name":"wp","href":"https:\/\/api.w.org\/{rel}","templated":true}]}}