{"id":29655,"date":"2026-03-08T19:49:55","date_gmt":"2026-03-08T22:49:55","guid":{"rendered":"https:\/\/jm-metropole.com.br\/site\/?p=29655"},"modified":"2026-03-09T10:47:55","modified_gmt":"2026-03-09T13:47:55","slug":"suzano-recebe-r-14-milhao-em-emendas-para-saude-e-cultura","status":"publish","type":"post","link":"https:\/\/jm-metropole.com.br\/site\/suzano-recebe-r-14-milhao-em-emendas-para-saude-e-cultura\/","title":{"rendered":"SUZANO RECEBE R$ 1,4 MILH\u00c3O EM EMENDAS PARA SA\u00daDE E CULTURA"},"content":{"rendered":"<div id=\"model-response-message-contentr_4cf3947c1facfffc\" class=\"markdown markdown-main-panel stronger enable-updated-hr-color\" dir=\"ltr\" aria-live=\"polite\" aria-busy=\"false\">\n<p style=\"text-align: justify;\" data-path-to-node=\"1\">O prefeito de Suzano, Pedro Ishi, recebeu nesta sexta-feira (06\/03) o deputado federal Alfredo Alves Cavalcante, conhecido como Alfredinho, para a formaliza\u00e7\u00e3o do repasse de R$ 1,45 milh\u00e3o em emendas parlamentares. O montante ser\u00e1 destinado ao fortalecimento dos servi\u00e7os de sa\u00fade e ao fomento de atividades culturais no munic\u00edpio.<\/p>\n<p style=\"text-align: justify;\" data-path-to-node=\"2\">Do valor total anunciado, R$ 1 milh\u00e3o ser\u00e1 aplicado na \u00e1rea da Sa\u00fade para ampliar e qualificar os atendimentos oferecidos \u00e0 rede municipal. Os demais R$ 450 mil ser\u00e3o direcionados ao Polo de M\u00fasica e Audiovisual Paulo Jos\u00e9, com foco em a\u00e7\u00f5es de incentivo \u00e0 economia criativa, forma\u00e7\u00e3o profissional e projetos culturais.<\/p>\n<p style=\"text-align: justify;\" data-path-to-node=\"3\">De acordo com o chefe do Executivo, a chegada dos recursos ocorre em um momento estrat\u00e9gico para o fortalecimento das pol\u00edticas p\u00fablicas da cidade. O encontro contou ainda com a presen\u00e7a do gestor cultural Walmir Pinto e do assessor parlamentar Paulo Bezerra.<\/p>\n<p style=\"text-align: right;\" data-path-to-node=\"4\"><em>Cr\u00e9dito da foto: Mauricio Sordilli\/Secop Suzano<\/em><\/p>\n<\/div>\n","protected":false},"excerpt":{"rendered":"<p>O prefeito de Suzano, Pedro Ishi, recebeu nesta sexta-feira (06\/03) o deputado federal Alfredo Alves Cavalcante, conhecido como Alfredinho, para a formaliza\u00e7\u00e3o do repasse de R$ 1,45 milh\u00e3o em emendas parlamentares. O montante ser\u00e1 destinado ao fortalecimento dos servi\u00e7os de sa\u00fade e ao fomento de atividades culturais no munic\u00edpio. Do valor total anunciado, R$ 1 [&hellip;]<\/p>\n","protected":false},"author":1,"featured_media":29658,"comment_status":"open","ping_status":"open","sticky":false,"template":"","format":"standard","meta":{"footnotes":""},"categories":[13,9],"tags":[],"class_list":{"0":"post-29655","1":"post","2":"type-post","3":"status-publish","4":"format-standard","5":"has-post-thumbnail","7":"category-cultura","8":"category-suzano"},"_links":{"self":[{"href":"https:\/\/jm-metropole.com.br\/site\/wp-json\/wp\/v2\/posts\/29655","targetHints":{"allow":["GET"]}}],"collection":[{"href":"https:\/\/jm-metropole.com.br\/site\/wp-json\/wp\/v2\/posts"}],"about":[{"href":"https:\/\/jm-metropole.com.br\/site\/wp-json\/wp\/v2\/types\/post"}],"author":[{"embeddable":true,"href":"https:\/\/jm-metropole.com.br\/site\/wp-json\/wp\/v2\/users\/1"}],"replies":[{"embeddable":true,"href":"https:\/\/jm-metropole.com.br\/site\/wp-json\/wp\/v2\/comments?post=29655"}],"version-history":[{"count":1,"href":"https:\/\/jm-metropole.com.br\/site\/wp-json\/wp\/v2\/posts\/29655\/revisions"}],"predecessor-version":[{"id":29659,"href":"https:\/\/jm-metropole.com.br\/site\/wp-json\/wp\/v2\/posts\/29655\/revisions\/29659"}],"wp:featuredmedia":[{"embeddable":true,"href":"https:\/\/jm-metropole.com.br\/site\/wp-json\/wp\/v2\/media\/29658"}],"wp:attachment":[{"href":"https:\/\/jm-metropole.com.br\/site\/wp-json\/wp\/v2\/media?parent=29655"}],"wp:term":[{"taxonomy":"category","embeddable":true,"href":"https:\/\/jm-metropole.com.br\/site\/wp-json\/wp\/v2\/categories?post=29655"},{"taxonomy":"post_tag","embeddable":true,"href":"https:\/\/jm-metropole.com.br\/site\/wp-json\/wp\/v2\/tags?post=29655"}],"curies":[{"name":"wp","href":"https:\/\/api.w.org\/{rel}","templated":true}]}}