{"id":29648,"date":"2026-03-07T19:10:22","date_gmt":"2026-03-07T22:10:22","guid":{"rendered":"https:\/\/jm-metropole.com.br\/site\/?p=29648"},"modified":"2026-03-07T20:09:46","modified_gmt":"2026-03-07T23:09:46","slug":"passeio-ciclistico-marca-dia-mundial-da-sindrome-de-down-em-santa-isabel","status":"publish","type":"post","link":"https:\/\/jm-metropole.com.br\/site\/passeio-ciclistico-marca-dia-mundial-da-sindrome-de-down-em-santa-isabel\/","title":{"rendered":"PASSEIO CICL\u00cdSTICO MARCA DIA INTERNACIONAL DA S\u00cdNDROME DE DOWN EM SANTA ISABEL"},"content":{"rendered":"<p style=\"text-align: justify;\">Para celebrar o Dia Internacional da S\u00edndrome de Down, comemorado em 21 de mar\u00e7o, um passeio cicl\u00edstico especial ser\u00e1 realizado em Santa Isabel com destino \u00e0 regi\u00e3o do Jaguari. A iniciativa busca promover inclus\u00e3o, conscientiza\u00e7\u00e3o e integra\u00e7\u00e3o da comunidade por meio do esporte.<\/p>\n<p style=\"text-align: justify;\">O evento, intitulado \u201cVamos Pedalar?\u201d, \u00e9 organizado por Miguel e Ramon e convida ciclistas, fam\u00edlias e apoiadores da causa para participarem do trajeto pela Rota R\u00fastica do Jaguari. A proposta \u00e9 transformar a data em um momento de celebra\u00e7\u00e3o, visibilidade e fortalecimento da luta por respeito e inclus\u00e3o das pessoas com s\u00edndrome de Down.<\/p>\n<p style=\"text-align: justify;\">A concentra\u00e7\u00e3o est\u00e1 marcada para 21 de mar\u00e7o, a partir das 7h, com sa\u00edda \u00e0s 08h do Terminal Urbano de Santa Isabel (Gin\u00e1sio), de onde os participantes seguir\u00e3o juntos para o passeio de bicicleta.<\/p>\n<p style=\"text-align: justify;\">Miguel \u00e9 ciclista e tem s\u00edndrome de Down, e a iniciativa tamb\u00e9m busca mostrar, na pr\u00e1tica, o potencial e a autonomia das pessoas com a condi\u00e7\u00e3o. Segundo Ramon, pai de Miguel, o evento tem um significado especial para a fam\u00edlia e para toda a comunidade.<\/p>\n<p style=\"text-align: justify;\">\u201c\u00c9 um passeio para comemorar e fortalecer a causa nesse dia t\u00e3o especial. Queremos reunir amigos, ciclistas e fam\u00edlias para mostrar que a inclus\u00e3o acontece na conviv\u00eancia e no respeito \u00e0s diferen\u00e7as\u201d, afirma Ramon.<\/p>\n<p style=\"text-align: justify;\">Al\u00e9m da pr\u00e1tica esportiva, o passeio pretende incentivar a conviv\u00eancia comunit\u00e1ria e dar visibilidade \u00e0 import\u00e2ncia da inclus\u00e3o social.<\/p>\n<p style=\"text-align: justify;\">O evento conta com o apoio do Jornal Metr\u00f3pole e do Ponto de Cultura Numguentu. Informa\u00e7\u00f5es sobre participa\u00e7\u00e3o e apoio podem ser obtidas pelo telefone (11) 95084-1303. \ud83d\udeb4\u200d\u2642\ufe0f\ud83d\udc99<\/p>\n","protected":false},"excerpt":{"rendered":"<p>Para celebrar o Dia Internacional da S\u00edndrome de Down, comemorado em 21 de mar\u00e7o, um passeio cicl\u00edstico especial ser\u00e1 realizado em Santa Isabel com destino \u00e0 regi\u00e3o do Jaguari. A iniciativa busca promover inclus\u00e3o, conscientiza\u00e7\u00e3o e integra\u00e7\u00e3o da comunidade por meio do esporte. O evento, intitulado \u201cVamos Pedalar?\u201d, \u00e9 organizado por Miguel e Ramon e [&hellip;]<\/p>\n","protected":false},"author":1,"featured_media":29649,"comment_status":"open","ping_status":"open","sticky":false,"template":"","format":"standard","meta":{"footnotes":""},"categories":[2,12,5],"tags":[],"class_list":{"0":"post-29648","1":"post","2":"type-post","3":"status-publish","4":"format-standard","5":"has-post-thumbnail","7":"category-cidades","8":"category-esporte","9":"category-santa-isabel"},"_links":{"self":[{"href":"https:\/\/jm-metropole.com.br\/site\/wp-json\/wp\/v2\/posts\/29648","targetHints":{"allow":["GET"]}}],"collection":[{"href":"https:\/\/jm-metropole.com.br\/site\/wp-json\/wp\/v2\/posts"}],"about":[{"href":"https:\/\/jm-metropole.com.br\/site\/wp-json\/wp\/v2\/types\/post"}],"author":[{"embeddable":true,"href":"https:\/\/jm-metropole.com.br\/site\/wp-json\/wp\/v2\/users\/1"}],"replies":[{"embeddable":true,"href":"https:\/\/jm-metropole.com.br\/site\/wp-json\/wp\/v2\/comments?post=29648"}],"version-history":[{"count":2,"href":"https:\/\/jm-metropole.com.br\/site\/wp-json\/wp\/v2\/posts\/29648\/revisions"}],"predecessor-version":[{"id":29651,"href":"https:\/\/jm-metropole.com.br\/site\/wp-json\/wp\/v2\/posts\/29648\/revisions\/29651"}],"wp:featuredmedia":[{"embeddable":true,"href":"https:\/\/jm-metropole.com.br\/site\/wp-json\/wp\/v2\/media\/29649"}],"wp:attachment":[{"href":"https:\/\/jm-metropole.com.br\/site\/wp-json\/wp\/v2\/media?parent=29648"}],"wp:term":[{"taxonomy":"category","embeddable":true,"href":"https:\/\/jm-metropole.com.br\/site\/wp-json\/wp\/v2\/categories?post=29648"},{"taxonomy":"post_tag","embeddable":true,"href":"https:\/\/jm-metropole.com.br\/site\/wp-json\/wp\/v2\/tags?post=29648"}],"curies":[{"name":"wp","href":"https:\/\/api.w.org\/{rel}","templated":true}]}}