{"id":29642,"date":"2026-03-06T10:29:48","date_gmt":"2026-03-06T13:29:48","guid":{"rendered":"https:\/\/jm-metropole.com.br\/site\/?p=29642"},"modified":"2026-03-06T10:37:25","modified_gmt":"2026-03-06T13:37:25","slug":"a-forca-invisivel-o-empreendedorismo-feminino-como-motor-economico-do-alto-tiete","status":"publish","type":"post","link":"https:\/\/jm-metropole.com.br\/site\/a-forca-invisivel-o-empreendedorismo-feminino-como-motor-economico-do-alto-tiete\/","title":{"rendered":"A FOR\u00c7A INVIS\u00cdVEL: O EMPREENDEDORISMO FEMININO COMO MOTOR ECON\u00d4MICO DO ALTO TIET\u00ca"},"content":{"rendered":"<p style=\"text-align: right;\"><em>Por Clau Camargo<\/em><br \/>\n<em>Presidente do Fundo Social de Solidariedade de Aruj\u00e1<\/em><\/p>\n<p style=\"text-align: justify;\">Chegamos a mais um m\u00eas de mar\u00e7o. Tradicionalmente, \u00e9 um per\u00edodo marcado por justas homenagens, entrega de flores e discursos sobre a resili\u00eancia da mulher. Tudo isso \u00e9 v\u00e1lido e merecido. No entanto, vivenciando o dia a dia da gest\u00e3o p\u00fablica e a realidade das nossas comunidades, aprendi que a maior homenagem que o Estado pode prestar a uma mulher n\u00e3o \u00e9 uma rosa, mas sim a garantia de uma porta aberta para a sua total independ\u00eancia financeira.<\/p>\n<p style=\"text-align: justify;\">Durante muito tempo, a assist\u00eancia social no Brasil foi vista apenas como um balc\u00e3o de doa\u00e7\u00f5es. Em Aruj\u00e1, n\u00f3s decidimos virar essa chave e transformar o acolhimento emergencial em capacita\u00e7\u00e3o permanente. Quando ensinamos uma m\u00e3e chefe de fam\u00edlia a costurar, a atuar na \u00e1rea da beleza, ou a se qualificar atrav\u00e9s de projetos como a nossa Escola 4.0, n\u00e3o estamos apenas ajudando um lar a sair da linha de vulnerabilidade. Estamos injetando dinheiro real na nossa economia. O fim do assistencialismo puro d\u00e1 lugar \u00e0 dignidade do trabalho e \u00e0 gera\u00e7\u00e3o de renda.<\/p>\n<p style=\"text-align: justify;\">Essa realidade, por\u00e9m, n\u00e3o \u00e9 exclusiva da nossa cidade. O que vemos nas ruas de Aruj\u00e1 se repete em Suzano, Mogi das Cruzes, Itaquaquecetuba e por todos os munic\u00edpios do Alto Tiet\u00ea. Temos milhares de mulheres que s\u00e3o a base de sustenta\u00e7\u00e3o de seus lares e que s\u00f3 precisam de um empurr\u00e3o t\u00e9cnico, de cr\u00e9dito acess\u00edvel e de pol\u00edticas p\u00fablicas estaduais s\u00f3lidas para se tornarem empreendedoras de sucesso. O desenvolvimento da nossa regi\u00e3o passa, obrigatoriamente, por colocar o talento e a for\u00e7a de trabalho feminina no centro da pauta econ\u00f4mica do Estado de S\u00e3o Paulo.<\/p>\n<p style=\"text-align: justify;\">Que neste m\u00eas da mulher, possamos elevar o n\u00edvel do nosso debate. Precisamos discutir menos sobre a nossa fragilidade e muito mais sobre a nossa imensa pot\u00eancia como geradoras de emprego e de oportunidades. Porque uma mulher que \u00e9 dona do seu pr\u00f3prio dinheiro, \u00e9 dona do seu pr\u00f3prio destino \u2013 e impulsiona toda a sociedade junto com ela.<\/p>\n","protected":false},"excerpt":{"rendered":"<p>Por Clau Camargo Presidente do Fundo Social de Solidariedade de Aruj\u00e1 Chegamos a mais um m\u00eas de mar\u00e7o. Tradicionalmente, \u00e9 um per\u00edodo marcado por justas homenagens, entrega de flores e discursos sobre a resili\u00eancia da mulher. Tudo isso \u00e9 v\u00e1lido e merecido. No entanto, vivenciando o dia a dia da gest\u00e3o p\u00fablica e a realidade [&hellip;]<\/p>\n","protected":false},"author":1,"featured_media":29643,"comment_status":"open","ping_status":"open","sticky":false,"template":"","format":"standard","meta":{"footnotes":""},"categories":[21,4,2],"tags":[],"class_list":{"0":"post-29642","1":"post","2":"type-post","3":"status-publish","4":"format-standard","5":"has-post-thumbnail","7":"category-alto-tiete","8":"category-aruja","9":"category-cidades"},"_links":{"self":[{"href":"https:\/\/jm-metropole.com.br\/site\/wp-json\/wp\/v2\/posts\/29642","targetHints":{"allow":["GET"]}}],"collection":[{"href":"https:\/\/jm-metropole.com.br\/site\/wp-json\/wp\/v2\/posts"}],"about":[{"href":"https:\/\/jm-metropole.com.br\/site\/wp-json\/wp\/v2\/types\/post"}],"author":[{"embeddable":true,"href":"https:\/\/jm-metropole.com.br\/site\/wp-json\/wp\/v2\/users\/1"}],"replies":[{"embeddable":true,"href":"https:\/\/jm-metropole.com.br\/site\/wp-json\/wp\/v2\/comments?post=29642"}],"version-history":[{"count":1,"href":"https:\/\/jm-metropole.com.br\/site\/wp-json\/wp\/v2\/posts\/29642\/revisions"}],"predecessor-version":[{"id":29644,"href":"https:\/\/jm-metropole.com.br\/site\/wp-json\/wp\/v2\/posts\/29642\/revisions\/29644"}],"wp:featuredmedia":[{"embeddable":true,"href":"https:\/\/jm-metropole.com.br\/site\/wp-json\/wp\/v2\/media\/29643"}],"wp:attachment":[{"href":"https:\/\/jm-metropole.com.br\/site\/wp-json\/wp\/v2\/media?parent=29642"}],"wp:term":[{"taxonomy":"category","embeddable":true,"href":"https:\/\/jm-metropole.com.br\/site\/wp-json\/wp\/v2\/categories?post=29642"},{"taxonomy":"post_tag","embeddable":true,"href":"https:\/\/jm-metropole.com.br\/site\/wp-json\/wp\/v2\/tags?post=29642"}],"curies":[{"name":"wp","href":"https:\/\/api.w.org\/{rel}","templated":true}]}}