{"id":29639,"date":"2026-03-05T13:40:05","date_gmt":"2026-03-05T16:40:05","guid":{"rendered":"https:\/\/jm-metropole.com.br\/site\/?p=29639"},"modified":"2026-03-05T17:22:34","modified_gmt":"2026-03-05T20:22:34","slug":"prefeitura-de-santa-isabel-publica-lista-de-devedores-com-valores-milionarios-e-nomes-ligados-a-administracao","status":"publish","type":"post","link":"https:\/\/jm-metropole.com.br\/site\/prefeitura-de-santa-isabel-publica-lista-de-devedores-com-valores-milionarios-e-nomes-ligados-a-administracao\/","title":{"rendered":"PREFEITURA DE SANTA ISABEL PUBLICA LISTA DE DEVEDORES COM VALORES MILION\u00c1RIOS E NOMES LIGADOS \u00c0 ADMINISTRA\u00c7\u00c3O"},"content":{"rendered":"<p style=\"text-align: justify;\" data-path-to-node=\"1\">A Prefeitura de Santa Isabel publicou, nesta quinta-feira (05), o Edital de Notifica\u00e7\u00e3o de Cobran\u00e7a Administrativa de D\u00edvida Ativa n\u00ba 001\/2026. O documento, que ocupa centenas de p\u00e1ginas do Di\u00e1rio Oficial, traz uma rela\u00e7\u00e3o detalhada de contribuintes em d\u00e9bito com o munic\u00edpio, abrangendo impostos e taxas como IPTU, ISS e contas de \u00e1gua e esgoto. O que mais chama a aten\u00e7\u00e3o no levantamento s\u00e3o os valores vultosos, que em alguns casos superam a casa dos milh\u00f5es, e a presen\u00e7a de nomes vinculados \u00e0 estrutura p\u00fablica municipal.<\/p>\n<p style=\"text-align: justify;\" data-path-to-node=\"2\">O edital fundamenta a a\u00e7\u00e3o com base na Lei de Responsabilidade Fiscal, destacando que a arrecada\u00e7\u00e3o de tributos \u00e9 essencial para a manuten\u00e7\u00e3o de pol\u00edticas p\u00fablicas e para o desenvolvimento da cidade. Entretanto, a transpar\u00eancia dos dados exp\u00f5e uma realidade complexa: a lista de inadimplentes inclui figuras que ocupam cargos de confian\u00e7a na atual gest\u00e3o, como diretores e secret\u00e1rios municipais, al\u00e9m de parlamentares e ex-vereadores.<\/p>\n<p style=\"text-align: justify;\" data-path-to-node=\"3\">Entre os d\u00e9bitos listados, figuram familiares de nomes do primeiro escal\u00e3o do governo, empresas que possuem contratos vigentes de presta\u00e7\u00e3o de servi\u00e7os com a prefeitura e at\u00e9 mesmo entidades esportivas e religiosas de grande porte. Em setores espec\u00edficos, como o Imposto Sobre Servi\u00e7os (ISS), h\u00e1 empresas de log\u00edstica e sa\u00fade com d\u00edvidas que ultrapassam a marca de R$ 5 milh\u00f5es cada.<\/p>\n<p style=\"text-align: justify;\" data-path-to-node=\"4\">No \u00e2mbito da D\u00edvida Ativa Eventual, os n\u00fameros s\u00e3o ainda mais expressivos. Associa\u00e7\u00f5es de moradores, institutos de assist\u00eancia social e empresas de engenharia aparecem com d\u00e9bitos que somam milh\u00f5es de reais, levantando questionamentos sobre a efic\u00e1cia das cobran\u00e7as municipais e o impacto desses valores n\u00e3o arrecadados nos cofres p\u00fablicos.<\/p>\n<p style=\"text-align: justify;\" data-path-to-node=\"5\">A publica\u00e7\u00e3o serve como uma notifica\u00e7\u00e3o oficial para que os devedores regularizem sua situa\u00e7\u00e3o junto \u00e0 Secretaria de Assuntos Jur\u00eddicos. Caso os d\u00e9bitos n\u00e3o sejam quitados ou parcelados dentro dos prazos legais, o munic\u00edpio poder\u00e1 seguir com as medidas judiciais cab\u00edveis, incluindo o protesto das d\u00edvidas e execu\u00e7\u00f5es fiscais, que podem resultar em bloqueios de bens e contas banc\u00e1rias.<\/p>\n<p style=\"text-align: justify;\">Confira a lista completa na edi\u00e7\u00e3o 2431 do di\u00e1rio oficial do munic\u00edpio, dispon\u00edvel no link <a href=\"https:\/\/leismunicipais.com.br\/prefeitura\/sp\/santaisabel\/boletim-oficial\" target=\"_blank\" rel=\"noopener\">https:\/\/leismunicipais.com.br\/prefeitura\/sp\/santaisabel\/boletim-oficial\u00a0<\/a><\/p>\n<p style=\"text-align: justify;\">\n","protected":false},"excerpt":{"rendered":"<p>A Prefeitura de Santa Isabel publicou, nesta quinta-feira (05), o Edital de Notifica\u00e7\u00e3o de Cobran\u00e7a Administrativa de D\u00edvida Ativa n\u00ba 001\/2026. O documento, que ocupa centenas de p\u00e1ginas do Di\u00e1rio Oficial, traz uma rela\u00e7\u00e3o detalhada de contribuintes em d\u00e9bito com o munic\u00edpio, abrangendo impostos e taxas como IPTU, ISS e contas de \u00e1gua e esgoto. [&hellip;]<\/p>\n","protected":false},"author":1,"featured_media":29640,"comment_status":"open","ping_status":"open","sticky":false,"template":"","format":"standard","meta":{"footnotes":""},"categories":[2,5],"tags":[],"class_list":{"0":"post-29639","1":"post","2":"type-post","3":"status-publish","4":"format-standard","5":"has-post-thumbnail","7":"category-cidades","8":"category-santa-isabel"},"_links":{"self":[{"href":"https:\/\/jm-metropole.com.br\/site\/wp-json\/wp\/v2\/posts\/29639","targetHints":{"allow":["GET"]}}],"collection":[{"href":"https:\/\/jm-metropole.com.br\/site\/wp-json\/wp\/v2\/posts"}],"about":[{"href":"https:\/\/jm-metropole.com.br\/site\/wp-json\/wp\/v2\/types\/post"}],"author":[{"embeddable":true,"href":"https:\/\/jm-metropole.com.br\/site\/wp-json\/wp\/v2\/users\/1"}],"replies":[{"embeddable":true,"href":"https:\/\/jm-metropole.com.br\/site\/wp-json\/wp\/v2\/comments?post=29639"}],"version-history":[{"count":1,"href":"https:\/\/jm-metropole.com.br\/site\/wp-json\/wp\/v2\/posts\/29639\/revisions"}],"predecessor-version":[{"id":29641,"href":"https:\/\/jm-metropole.com.br\/site\/wp-json\/wp\/v2\/posts\/29639\/revisions\/29641"}],"wp:featuredmedia":[{"embeddable":true,"href":"https:\/\/jm-metropole.com.br\/site\/wp-json\/wp\/v2\/media\/29640"}],"wp:attachment":[{"href":"https:\/\/jm-metropole.com.br\/site\/wp-json\/wp\/v2\/media?parent=29639"}],"wp:term":[{"taxonomy":"category","embeddable":true,"href":"https:\/\/jm-metropole.com.br\/site\/wp-json\/wp\/v2\/categories?post=29639"},{"taxonomy":"post_tag","embeddable":true,"href":"https:\/\/jm-metropole.com.br\/site\/wp-json\/wp\/v2\/tags?post=29639"}],"curies":[{"name":"wp","href":"https:\/\/api.w.org\/{rel}","templated":true}]}}