{"id":29620,"date":"2026-03-03T19:44:34","date_gmt":"2026-03-03T22:44:34","guid":{"rendered":"https:\/\/jm-metropole.com.br\/site\/?p=29620"},"modified":"2026-03-03T19:44:34","modified_gmt":"2026-03-03T22:44:34","slug":"sebrae-movel-realiza-atendimento-especial-para-empreendedoras-em-itaquaquecetuba","status":"publish","type":"post","link":"https:\/\/jm-metropole.com.br\/site\/sebrae-movel-realiza-atendimento-especial-para-empreendedoras-em-itaquaquecetuba\/","title":{"rendered":"SEBRAE M\u00d3VEL REALIZA ATENDIMENTO ESPECIAL PARA EMPREENDEDORAS EM ITAQUAQUECETUBA"},"content":{"rendered":"<p style=\"text-align: justify;\" data-path-to-node=\"1\">A Prefeitura de Itaquaquecetuba, em parceria com o Sebrae, promove no dia 12 de mar\u00e7o uma edi\u00e7\u00e3o especial do Sebrae M\u00f3vel voltada ao p\u00fablico feminino. A a\u00e7\u00e3o, que celebra o M\u00eas das Mulheres, ocorrer\u00e1 na Pra\u00e7a Padre Jo\u00e3o \u00c1lvares, no Centro, das 10h \u00e0s 16h. O objetivo da iniciativa \u00e9 oferecer suporte t\u00e9cnico e incentivar o protagonismo das mulheres na economia local.<\/p>\n<p style=\"text-align: justify;\" data-path-to-node=\"2\"><img loading=\"lazy\" decoding=\"async\" class=\"alignright size-medium wp-image-29621\" src=\"https:\/\/jm-metropole.com.br\/site\/wp-content\/uploads\/2026\/03\/WhatsApp-Image-2026-03-03-at-18.00.45-300x200.jpeg\" alt=\"\" width=\"300\" height=\"200\" srcset=\"https:\/\/jm-metropole.com.br\/site\/wp-content\/uploads\/2026\/03\/WhatsApp-Image-2026-03-03-at-18.00.45-300x200.jpeg 300w, https:\/\/jm-metropole.com.br\/site\/wp-content\/uploads\/2026\/03\/WhatsApp-Image-2026-03-03-at-18.00.45-1024x682.jpeg 1024w, https:\/\/jm-metropole.com.br\/site\/wp-content\/uploads\/2026\/03\/WhatsApp-Image-2026-03-03-at-18.00.45-768x512.jpeg 768w, https:\/\/jm-metropole.com.br\/site\/wp-content\/uploads\/2026\/03\/WhatsApp-Image-2026-03-03-at-18.00.45-1536x1023.jpeg 1536w, https:\/\/jm-metropole.com.br\/site\/wp-content\/uploads\/2026\/03\/WhatsApp-Image-2026-03-03-at-18.00.45-150x100.jpeg 150w, https:\/\/jm-metropole.com.br\/site\/wp-content\/uploads\/2026\/03\/WhatsApp-Image-2026-03-03-at-18.00.45-600x400.jpeg 600w, https:\/\/jm-metropole.com.br\/site\/wp-content\/uploads\/2026\/03\/WhatsApp-Image-2026-03-03-at-18.00.45-696x464.jpeg 696w, https:\/\/jm-metropole.com.br\/site\/wp-content\/uploads\/2026\/03\/WhatsApp-Image-2026-03-03-at-18.00.45-1392x927.jpeg 1392w, https:\/\/jm-metropole.com.br\/site\/wp-content\/uploads\/2026\/03\/WhatsApp-Image-2026-03-03-at-18.00.45-1068x712.jpeg 1068w, https:\/\/jm-metropole.com.br\/site\/wp-content\/uploads\/2026\/03\/WhatsApp-Image-2026-03-03-at-18.00.45-630x420.jpeg 630w, https:\/\/jm-metropole.com.br\/site\/wp-content\/uploads\/2026\/03\/WhatsApp-Image-2026-03-03-at-18.00.45-1261x840.jpeg 1261w, https:\/\/jm-metropole.com.br\/site\/wp-content\/uploads\/2026\/03\/WhatsApp-Image-2026-03-03-at-18.00.45.jpeg 1600w\" sizes=\"auto, (max-width: 300px) 100vw, 300px\" \/>Durante o evento, as empreendedoras ter\u00e3o acesso gratuito a diversos servi\u00e7os, como orienta\u00e7\u00f5es para Microempreendedores Individuais (MEI), aux\u00edlio na abertura de empresas, consultorias empresariais e capacita\u00e7\u00f5es t\u00e9cnicas. A proposta busca desburocratizar o acesso \u00e0 informa\u00e7\u00e3o e fornecer as ferramentas necess\u00e1rias para que as mulheres conquistem maior autonomia e independ\u00eancia financeira por meio de seus neg\u00f3cios.<\/p>\n<p style=\"text-align: justify;\" data-path-to-node=\"3\">A iniciativa \u00e9 coordenada pela Secretaria da Mulher, Direitos Humanos e Cidadania, integrando as pol\u00edticas p\u00fablicas de desenvolvimento econ\u00f4mico do munic\u00edpio. Segundo a administra\u00e7\u00e3o municipal, levar o atendimento para a pra\u00e7a central facilita o alcance das ferramentas de gest\u00e3o a quem j\u00e1 empreende ou deseja tirar um projeto do papel.<\/p>\n<p style=\"text-align: justify;\" data-path-to-node=\"4\">Para o governo municipal, o apoio ao empreendedorismo feminino \u00e9 um pilar estrat\u00e9gico para a gera\u00e7\u00e3o de renda e para o desenvolvimento social da cidade. A parceria com o Sebrae refor\u00e7a o compromisso de criar oportunidades reais de capacita\u00e7\u00e3o e fortalecer a rede de neg\u00f3cios liderada por mulheres em Itaquaquecetuba.<\/p>\n","protected":false},"excerpt":{"rendered":"<p>A Prefeitura de Itaquaquecetuba, em parceria com o Sebrae, promove no dia 12 de mar\u00e7o uma edi\u00e7\u00e3o especial do Sebrae M\u00f3vel voltada ao p\u00fablico feminino. A a\u00e7\u00e3o, que celebra o M\u00eas das Mulheres, ocorrer\u00e1 na Pra\u00e7a Padre Jo\u00e3o \u00c1lvares, no Centro, das 10h \u00e0s 16h. O objetivo da iniciativa \u00e9 oferecer suporte t\u00e9cnico e incentivar [&hellip;]<\/p>\n","protected":false},"author":1,"featured_media":29622,"comment_status":"open","ping_status":"open","sticky":false,"template":"","format":"standard","meta":{"footnotes":""},"categories":[6,20],"tags":[],"class_list":{"0":"post-29620","1":"post","2":"type-post","3":"status-publish","4":"format-standard","5":"has-post-thumbnail","7":"category-itaqua","8":"category-trabalho-e-emprego"},"_links":{"self":[{"href":"https:\/\/jm-metropole.com.br\/site\/wp-json\/wp\/v2\/posts\/29620","targetHints":{"allow":["GET"]}}],"collection":[{"href":"https:\/\/jm-metropole.com.br\/site\/wp-json\/wp\/v2\/posts"}],"about":[{"href":"https:\/\/jm-metropole.com.br\/site\/wp-json\/wp\/v2\/types\/post"}],"author":[{"embeddable":true,"href":"https:\/\/jm-metropole.com.br\/site\/wp-json\/wp\/v2\/users\/1"}],"replies":[{"embeddable":true,"href":"https:\/\/jm-metropole.com.br\/site\/wp-json\/wp\/v2\/comments?post=29620"}],"version-history":[{"count":1,"href":"https:\/\/jm-metropole.com.br\/site\/wp-json\/wp\/v2\/posts\/29620\/revisions"}],"predecessor-version":[{"id":29623,"href":"https:\/\/jm-metropole.com.br\/site\/wp-json\/wp\/v2\/posts\/29620\/revisions\/29623"}],"wp:featuredmedia":[{"embeddable":true,"href":"https:\/\/jm-metropole.com.br\/site\/wp-json\/wp\/v2\/media\/29622"}],"wp:attachment":[{"href":"https:\/\/jm-metropole.com.br\/site\/wp-json\/wp\/v2\/media?parent=29620"}],"wp:term":[{"taxonomy":"category","embeddable":true,"href":"https:\/\/jm-metropole.com.br\/site\/wp-json\/wp\/v2\/categories?post=29620"},{"taxonomy":"post_tag","embeddable":true,"href":"https:\/\/jm-metropole.com.br\/site\/wp-json\/wp\/v2\/tags?post=29620"}],"curies":[{"name":"wp","href":"https:\/\/api.w.org\/{rel}","templated":true}]}}