{"id":29616,"date":"2026-03-03T19:37:40","date_gmt":"2026-03-03T22:37:40","guid":{"rendered":"https:\/\/jm-metropole.com.br\/site\/?p=29616"},"modified":"2026-03-03T19:37:40","modified_gmt":"2026-03-03T22:37:40","slug":"guararema-pop-fest-retorna-em-marco-com-dois-dias-de-programacao","status":"publish","type":"post","link":"https:\/\/jm-metropole.com.br\/site\/guararema-pop-fest-retorna-em-marco-com-dois-dias-de-programacao\/","title":{"rendered":"GUARAREMA POP FEST RETORNA EM MAR\u00c7O COM DOIS DIAS DE PROGRAMA\u00c7\u00c3O"},"content":{"rendered":"<p style=\"text-align: justify;\" data-path-to-node=\"1\">Ap\u00f3s o sucesso da primeira edi\u00e7\u00e3o em 2023, a Prefeitura de Guararema confirmou o retorno do Guararema Pop Fest ao calend\u00e1rio cultural do munic\u00edpio. O evento, voltado ao p\u00fablico nerd e geek, ser\u00e1 realizado nos dias 14 e 15 de mar\u00e7o, no Parque de Lazer Professora Deocl\u00e9sia de Almeida Mello, com entrada gratuita e atividades para todas as idades.<\/p>\n<p style=\"text-align: justify;\" data-path-to-node=\"2\"><img loading=\"lazy\" decoding=\"async\" class=\"alignright size-medium wp-image-29617\" src=\"https:\/\/jm-metropole.com.br\/site\/wp-content\/uploads\/2026\/03\/WhatsApp-Image-2026-03-03-at-18.00.15-300x200.jpeg\" alt=\"\" width=\"300\" height=\"200\" srcset=\"https:\/\/jm-metropole.com.br\/site\/wp-content\/uploads\/2026\/03\/WhatsApp-Image-2026-03-03-at-18.00.15-300x200.jpeg 300w, https:\/\/jm-metropole.com.br\/site\/wp-content\/uploads\/2026\/03\/WhatsApp-Image-2026-03-03-at-18.00.15-1024x682.jpeg 1024w, https:\/\/jm-metropole.com.br\/site\/wp-content\/uploads\/2026\/03\/WhatsApp-Image-2026-03-03-at-18.00.15-768x512.jpeg 768w, https:\/\/jm-metropole.com.br\/site\/wp-content\/uploads\/2026\/03\/WhatsApp-Image-2026-03-03-at-18.00.15-1536x1023.jpeg 1536w, https:\/\/jm-metropole.com.br\/site\/wp-content\/uploads\/2026\/03\/WhatsApp-Image-2026-03-03-at-18.00.15-150x100.jpeg 150w, https:\/\/jm-metropole.com.br\/site\/wp-content\/uploads\/2026\/03\/WhatsApp-Image-2026-03-03-at-18.00.15-600x400.jpeg 600w, https:\/\/jm-metropole.com.br\/site\/wp-content\/uploads\/2026\/03\/WhatsApp-Image-2026-03-03-at-18.00.15-696x464.jpeg 696w, https:\/\/jm-metropole.com.br\/site\/wp-content\/uploads\/2026\/03\/WhatsApp-Image-2026-03-03-at-18.00.15-1392x927.jpeg 1392w, https:\/\/jm-metropole.com.br\/site\/wp-content\/uploads\/2026\/03\/WhatsApp-Image-2026-03-03-at-18.00.15-1068x712.jpeg 1068w, https:\/\/jm-metropole.com.br\/site\/wp-content\/uploads\/2026\/03\/WhatsApp-Image-2026-03-03-at-18.00.15-630x420.jpeg 630w, https:\/\/jm-metropole.com.br\/site\/wp-content\/uploads\/2026\/03\/WhatsApp-Image-2026-03-03-at-18.00.15-1261x840.jpeg 1261w, https:\/\/jm-metropole.com.br\/site\/wp-content\/uploads\/2026\/03\/WhatsApp-Image-2026-03-03-at-18.00.15.jpeg 1600w\" sizes=\"auto, (max-width: 300px) 100vw, 300px\" \/>Neste ano, o festival ter\u00e1 sua dura\u00e7\u00e3o ampliada para dois dias, ap\u00f3s reunir cerca de quatro mil pessoas em sua estreia. A programa\u00e7\u00e3o abrange diversas express\u00f5es da cultura pop, como games, quadrinhos, cosplay, animes, s\u00e9ries, cinema e tecnologia. O p\u00fablico poder\u00e1 conferir apresenta\u00e7\u00f5es, exposi\u00e7\u00f5es tem\u00e1ticas e concursos voltados ao entretenimento e \u00e0 cultura digital.<\/p>\n<p style=\"text-align: justify;\" data-path-to-node=\"3\">Uma das principais novidades desta segunda edi\u00e7\u00e3o \u00e9 a inclus\u00e3o de uma atividade de Escape Room, que ocorrer\u00e1 no domingo, dia 15. A atra\u00e7\u00e3o consiste em um ambiente imersivo onde os participantes precisam resolver quebra-cabe\u00e7as em um tempo determinado para completar o desafio.<\/p>\n<p style=\"text-align: justify;\" data-path-to-node=\"4\">O Guararema Pop Fest busca valorizar a diversidade cultural e oferecer uma op\u00e7\u00e3o de lazer acess\u00edvel no Parque Deocl\u00e9sia. A administra\u00e7\u00e3o municipal informou que a programa\u00e7\u00e3o detalhada e os hor\u00e1rios das atra\u00e7\u00f5es ser\u00e3o divulgados nos pr\u00f3ximos dias por meio dos canais oficiais de comunica\u00e7\u00e3o.<\/p>\n","protected":false},"excerpt":{"rendered":"<p>Ap\u00f3s o sucesso da primeira edi\u00e7\u00e3o em 2023, a Prefeitura de Guararema confirmou o retorno do Guararema Pop Fest ao calend\u00e1rio cultural do munic\u00edpio. O evento, voltado ao p\u00fablico nerd e geek, ser\u00e1 realizado nos dias 14 e 15 de mar\u00e7o, no Parque de Lazer Professora Deocl\u00e9sia de Almeida Mello, com entrada gratuita e atividades [&hellip;]<\/p>\n","protected":false},"author":1,"featured_media":29618,"comment_status":"open","ping_status":"open","sticky":false,"template":"","format":"standard","meta":{"footnotes":""},"categories":[2,13,8],"tags":[],"class_list":{"0":"post-29616","1":"post","2":"type-post","3":"status-publish","4":"format-standard","5":"has-post-thumbnail","7":"category-cidades","8":"category-cultura","9":"category-guararema"},"_links":{"self":[{"href":"https:\/\/jm-metropole.com.br\/site\/wp-json\/wp\/v2\/posts\/29616","targetHints":{"allow":["GET"]}}],"collection":[{"href":"https:\/\/jm-metropole.com.br\/site\/wp-json\/wp\/v2\/posts"}],"about":[{"href":"https:\/\/jm-metropole.com.br\/site\/wp-json\/wp\/v2\/types\/post"}],"author":[{"embeddable":true,"href":"https:\/\/jm-metropole.com.br\/site\/wp-json\/wp\/v2\/users\/1"}],"replies":[{"embeddable":true,"href":"https:\/\/jm-metropole.com.br\/site\/wp-json\/wp\/v2\/comments?post=29616"}],"version-history":[{"count":1,"href":"https:\/\/jm-metropole.com.br\/site\/wp-json\/wp\/v2\/posts\/29616\/revisions"}],"predecessor-version":[{"id":29619,"href":"https:\/\/jm-metropole.com.br\/site\/wp-json\/wp\/v2\/posts\/29616\/revisions\/29619"}],"wp:featuredmedia":[{"embeddable":true,"href":"https:\/\/jm-metropole.com.br\/site\/wp-json\/wp\/v2\/media\/29618"}],"wp:attachment":[{"href":"https:\/\/jm-metropole.com.br\/site\/wp-json\/wp\/v2\/media?parent=29616"}],"wp:term":[{"taxonomy":"category","embeddable":true,"href":"https:\/\/jm-metropole.com.br\/site\/wp-json\/wp\/v2\/categories?post=29616"},{"taxonomy":"post_tag","embeddable":true,"href":"https:\/\/jm-metropole.com.br\/site\/wp-json\/wp\/v2\/tags?post=29616"}],"curies":[{"name":"wp","href":"https:\/\/api.w.org\/{rel}","templated":true}]}}