{"id":29613,"date":"2026-03-03T19:22:43","date_gmt":"2026-03-03T22:22:43","guid":{"rendered":"https:\/\/jm-metropole.com.br\/site\/?p=29613"},"modified":"2026-03-03T19:22:43","modified_gmt":"2026-03-03T22:22:43","slug":"camara-de-aruja-aprova-proposta-para-instituir-politica-de-atencao-a-pacientes-renais","status":"publish","type":"post","link":"https:\/\/jm-metropole.com.br\/site\/camara-de-aruja-aprova-proposta-para-instituir-politica-de-atencao-a-pacientes-renais\/","title":{"rendered":"C\u00c2MARA DE ARUJA APROVA PROPOSTA PARA INSTITUIR POL\u00cdTICA DE ATEN\u00c7\u00c3O A PACIENTES RENAIS"},"content":{"rendered":"<p style=\"text-align: justify;\" data-path-to-node=\"1\">A C\u00e2mara Municipal de Aruj\u00e1 aprovou, durante a sess\u00e3o ordin\u00e1ria realizada no dia 23 de fevereiro, uma indica\u00e7\u00e3o de autoria do vereador Renan de Aruj\u00e1 que prop\u00f5e a cria\u00e7\u00e3o da Pol\u00edtica Municipal de Aten\u00e7\u00e3o \u00e0 Pessoa com Doen\u00e7a Renal Cr\u00f4nica. O principal objetivo da medida \u00e9 autorizar e viabilizar a implanta\u00e7\u00e3o de um servi\u00e7o de hemodi\u00e1lise no pr\u00f3prio munic\u00edpio.<\/p>\n<p style=\"text-align: justify;\" data-path-to-node=\"2\">O texto foi apresentado como indica\u00e7\u00e3o para respeitar as compet\u00eancias do Poder Executivo, a quem cabe a organiza\u00e7\u00e3o dos servi\u00e7os de sa\u00fade. A proposta sugere que a prefeitura possa implantar a unidade de forma direta, por meio de conv\u00eanios com entidades p\u00fablicas e privadas ou via parcerias p\u00fablico-privadas e cons\u00f3rcios intermunicipais. O foco \u00e9 garantir um atendimento cont\u00ednuo, humanizado e descentralizado para os pacientes locais.<\/p>\n<p style=\"text-align: justify;\" data-path-to-node=\"3\">Atualmente, moradores de Aruj\u00e1 que sofrem de insufici\u00eancia renal precisam se deslocar para cidades vizinhas para realizar as sess\u00f5es de hemodi\u00e1lise, que geralmente ocorrem tr\u00eas vezes por semana. Segundo a justificativa da proposta, esse deslocamento causa grande desgaste f\u00edsico e emocional aos pacientes, al\u00e9m de custos financeiros para as fam\u00edlias e para a administra\u00e7\u00e3o p\u00fablica com transporte sanit\u00e1rio.<\/p>\n<p style=\"text-align: justify;\" data-path-to-node=\"4\">A proposta estabelece que o servi\u00e7o dever\u00e1 atender prioritariamente os residentes de Aruj\u00e1. Caso haja capacidade excedente, o atendimento poder\u00e1 ser estendido a pacientes de cidades vizinhas, conforme pactua\u00e7\u00f5es regionais de sa\u00fade. O anteprojeto agora segue para an\u00e1lise do Poder Executivo, que avaliar\u00e1 a viabilidade t\u00e9cnica e financeira para o encaminhamento do projeto de lei definitivo.<\/p>\n","protected":false},"excerpt":{"rendered":"<p>A C\u00e2mara Municipal de Aruj\u00e1 aprovou, durante a sess\u00e3o ordin\u00e1ria realizada no dia 23 de fevereiro, uma indica\u00e7\u00e3o de autoria do vereador Renan de Aruj\u00e1 que prop\u00f5e a cria\u00e7\u00e3o da Pol\u00edtica Municipal de Aten\u00e7\u00e3o \u00e0 Pessoa com Doen\u00e7a Renal Cr\u00f4nica. O principal objetivo da medida \u00e9 autorizar e viabilizar a implanta\u00e7\u00e3o de um servi\u00e7o de [&hellip;]<\/p>\n","protected":false},"author":1,"featured_media":29614,"comment_status":"open","ping_status":"open","sticky":false,"template":"","format":"standard","meta":{"footnotes":""},"categories":[4,11],"tags":[],"class_list":{"0":"post-29613","1":"post","2":"type-post","3":"status-publish","4":"format-standard","5":"has-post-thumbnail","7":"category-aruja","8":"category-saude"},"_links":{"self":[{"href":"https:\/\/jm-metropole.com.br\/site\/wp-json\/wp\/v2\/posts\/29613","targetHints":{"allow":["GET"]}}],"collection":[{"href":"https:\/\/jm-metropole.com.br\/site\/wp-json\/wp\/v2\/posts"}],"about":[{"href":"https:\/\/jm-metropole.com.br\/site\/wp-json\/wp\/v2\/types\/post"}],"author":[{"embeddable":true,"href":"https:\/\/jm-metropole.com.br\/site\/wp-json\/wp\/v2\/users\/1"}],"replies":[{"embeddable":true,"href":"https:\/\/jm-metropole.com.br\/site\/wp-json\/wp\/v2\/comments?post=29613"}],"version-history":[{"count":1,"href":"https:\/\/jm-metropole.com.br\/site\/wp-json\/wp\/v2\/posts\/29613\/revisions"}],"predecessor-version":[{"id":29615,"href":"https:\/\/jm-metropole.com.br\/site\/wp-json\/wp\/v2\/posts\/29613\/revisions\/29615"}],"wp:featuredmedia":[{"embeddable":true,"href":"https:\/\/jm-metropole.com.br\/site\/wp-json\/wp\/v2\/media\/29614"}],"wp:attachment":[{"href":"https:\/\/jm-metropole.com.br\/site\/wp-json\/wp\/v2\/media?parent=29613"}],"wp:term":[{"taxonomy":"category","embeddable":true,"href":"https:\/\/jm-metropole.com.br\/site\/wp-json\/wp\/v2\/categories?post=29613"},{"taxonomy":"post_tag","embeddable":true,"href":"https:\/\/jm-metropole.com.br\/site\/wp-json\/wp\/v2\/tags?post=29613"}],"curies":[{"name":"wp","href":"https:\/\/api.w.org\/{rel}","templated":true}]}}