{"id":29606,"date":"2026-03-03T19:11:10","date_gmt":"2026-03-03T22:11:10","guid":{"rendered":"https:\/\/jm-metropole.com.br\/site\/?p=29606"},"modified":"2026-03-03T19:11:10","modified_gmt":"2026-03-03T22:11:10","slug":"prefeitura-de-suzano-nomeia-william-harada-como-novo-secretario-de-saude","status":"publish","type":"post","link":"https:\/\/jm-metropole.com.br\/site\/prefeitura-de-suzano-nomeia-william-harada-como-novo-secretario-de-saude\/","title":{"rendered":"PREFEITURA DE SUZANO NOMEIA WILLIAM HARADA COMO NOVO SECRET\u00c1RIO DE SA\u00daDE"},"content":{"rendered":"<p style=\"text-align: justify;\" data-path-to-node=\"1\">A Secretaria de Sa\u00fade de Suzano est\u00e1 sob nova gest\u00e3o a partir deste m\u00eas de mar\u00e7o. O prefeito Pedro Ishi oficializou nesta segunda-feira a nomea\u00e7\u00e3o de Wiliam Harada como novo titular da pasta. Ele substitui Diego Ferreira, que esteve \u00e0 frente da secretaria nos \u00faltimos dois anos e agora se dedicar\u00e1 a projetos pessoais na \u00e1rea de cl\u00ednica m\u00e9dica.<\/p>\n<p style=\"text-align: justify;\" data-path-to-node=\"2\">Nascido em Suzano, Harada retorna ao munic\u00edpio com ampla experi\u00eancia em gest\u00e3o p\u00fablica acumulada em diversas cidades da Grande S\u00e3o Paulo e do Alto Tiet\u00ea. Sua trajet\u00f3ria inclui passagens como secret\u00e1rio de Sa\u00fade em Cotia, Mogi das Cruzes e Itaquaquecetuba. Em Mogi, foi respons\u00e1vel pela implanta\u00e7\u00e3o de unidades importantes, como o pronto atendimento infantil Vagalume e o Centro Integrado de Atendimento \u00e0 Sa\u00fade (Cias).<\/p>\n<p style=\"text-align: justify;\" data-path-to-node=\"3\">Al\u00e9m da \u00e1rea da sa\u00fade, o novo secret\u00e1rio possui forma\u00e7\u00e3o em ci\u00eancias cont\u00e1beis e j\u00e1 exerceu fun\u00e7\u00f5es administrativas e financeiras em prefeituras como a de Po\u00e1, onde foi secret\u00e1rio de Administra\u00e7\u00e3o e da Fazenda. Ao assumir o cargo, Harada destacou o compromisso de agregar experi\u00eancia ao governo municipal e atender \u00e0s demandas da popula\u00e7\u00e3o suzanense.<\/p>\n<p style=\"text-align: justify;\" data-path-to-node=\"4\">O prefeito Pedro Ishi ressaltou que a escolha t\u00e9cnica se deve ao curr\u00edculo e \u00e0 compet\u00eancia demonstrada por Harada em gest\u00f5es anteriores. Entre os principais desafios da nova gest\u00e3o est\u00e3o a entrega da Unidade de Pronto Atendimento (UPA) de Palmeiras e o andamento das obras do Hospital Federal. A administra\u00e7\u00e3o municipal refor\u00e7ou que a transi\u00e7\u00e3o busca manter a continuidade e o fortalecimento dos servi\u00e7os prestados na rede p\u00fablica de sa\u00fade.<\/p>\n","protected":false},"excerpt":{"rendered":"<p>A Secretaria de Sa\u00fade de Suzano est\u00e1 sob nova gest\u00e3o a partir deste m\u00eas de mar\u00e7o. O prefeito Pedro Ishi oficializou nesta segunda-feira a nomea\u00e7\u00e3o de Wiliam Harada como novo titular da pasta. Ele substitui Diego Ferreira, que esteve \u00e0 frente da secretaria nos \u00faltimos dois anos e agora se dedicar\u00e1 a projetos pessoais na [&hellip;]<\/p>\n","protected":false},"author":1,"featured_media":29607,"comment_status":"open","ping_status":"open","sticky":false,"template":"","format":"standard","meta":{"footnotes":""},"categories":[11,9],"tags":[],"class_list":{"0":"post-29606","1":"post","2":"type-post","3":"status-publish","4":"format-standard","5":"has-post-thumbnail","7":"category-saude","8":"category-suzano"},"_links":{"self":[{"href":"https:\/\/jm-metropole.com.br\/site\/wp-json\/wp\/v2\/posts\/29606","targetHints":{"allow":["GET"]}}],"collection":[{"href":"https:\/\/jm-metropole.com.br\/site\/wp-json\/wp\/v2\/posts"}],"about":[{"href":"https:\/\/jm-metropole.com.br\/site\/wp-json\/wp\/v2\/types\/post"}],"author":[{"embeddable":true,"href":"https:\/\/jm-metropole.com.br\/site\/wp-json\/wp\/v2\/users\/1"}],"replies":[{"embeddable":true,"href":"https:\/\/jm-metropole.com.br\/site\/wp-json\/wp\/v2\/comments?post=29606"}],"version-history":[{"count":1,"href":"https:\/\/jm-metropole.com.br\/site\/wp-json\/wp\/v2\/posts\/29606\/revisions"}],"predecessor-version":[{"id":29608,"href":"https:\/\/jm-metropole.com.br\/site\/wp-json\/wp\/v2\/posts\/29606\/revisions\/29608"}],"wp:featuredmedia":[{"embeddable":true,"href":"https:\/\/jm-metropole.com.br\/site\/wp-json\/wp\/v2\/media\/29607"}],"wp:attachment":[{"href":"https:\/\/jm-metropole.com.br\/site\/wp-json\/wp\/v2\/media?parent=29606"}],"wp:term":[{"taxonomy":"category","embeddable":true,"href":"https:\/\/jm-metropole.com.br\/site\/wp-json\/wp\/v2\/categories?post=29606"},{"taxonomy":"post_tag","embeddable":true,"href":"https:\/\/jm-metropole.com.br\/site\/wp-json\/wp\/v2\/tags?post=29606"}],"curies":[{"name":"wp","href":"https:\/\/api.w.org\/{rel}","templated":true}]}}