{"id":29603,"date":"2026-03-03T19:07:01","date_gmt":"2026-03-03T22:07:01","guid":{"rendered":"https:\/\/jm-metropole.com.br\/site\/?p=29603"},"modified":"2026-03-03T19:07:01","modified_gmt":"2026-03-03T22:07:01","slug":"condemat-promove-palestra-sobre-protecao-de-dados-no-setor-publico","status":"publish","type":"post","link":"https:\/\/jm-metropole.com.br\/site\/condemat-promove-palestra-sobre-protecao-de-dados-no-setor-publico\/","title":{"rendered":"CONDEMAT+ PROMOVE PALESTRA SOBRE PROTE\u00c7\u00c3O DE DADOS NO SETOR P\u00daBLICO"},"content":{"rendered":"<p style=\"text-align: justify;\" data-path-to-node=\"1\">O Cons\u00f3rcio de Desenvolvimento dos Munic\u00edpios do Alto Tiet\u00ea e Regi\u00e3o (CONDEMAT+) realiza, no dia 11 de mar\u00e7o, a palestra Prote\u00e7\u00e3o de Dados na Pr\u00e1tica para o Setor P\u00fablico. O evento, organizado pela C\u00e2mara T\u00e9cnica de Gest\u00e3o P\u00fablica, acontece a partir das 9 horas no Pr\u00e9dio 2 da Prefeitura de Mogi das Cruzes. A atividade \u00e9 gratuita e as inscri\u00e7\u00f5es devem ser feitas pela plataforma Sympla.<\/p>\n<p style=\"text-align: justify;\" data-path-to-node=\"2\">Ministrado pelo advogado Calza Neto, do escrit\u00f3rio CNK Advogados, o encontro tem como objetivo aplicar os conceitos da Lei Geral de Prote\u00e7\u00e3o de Dados (LGPD) ao cotidiano da administra\u00e7\u00e3o municipal. A abordagem focar\u00e1 em \u00e1reas sens\u00edveis como sa\u00fade, educa\u00e7\u00e3o, assist\u00eancia social e recursos humanos, utilizando exemplos pr\u00e1ticos para facilitar a compreens\u00e3o de gestores e servidores p\u00fablicos.<\/p>\n<p style=\"text-align: justify;\" data-path-to-node=\"3\">A capacita\u00e7\u00e3o abordar\u00e1 problemas comuns enfrentados pelos \u00f3rg\u00e3os p\u00fablicos, entre eles o compartilhamento informal de informa\u00e7\u00f5es, acessos excessivos a sistemas e a falta de protocolos para incidentes. O papel do encarregado de dados (DPO) e a necessidade de criar crit\u00e9rios claros para a publica\u00e7\u00e3o de informa\u00e7\u00f5es tamb\u00e9m est\u00e3o na pauta.<\/p>\n<p style=\"text-align: justify;\" data-path-to-node=\"4\">Segundo a coordenadora da c\u00e2mara t\u00e9cnica e secret\u00e1ria de Assuntos Jur\u00eddicos de Santa Isabel, Noely Costa, a iniciativa busca garantir conhecimento t\u00e9cnico para decis\u00f5es mais assertivas e oferecer maior seguran\u00e7a no tratamento das informa\u00e7\u00f5es dos cidad\u00e3os. Esta \u00e9 a primeira capacita\u00e7\u00e3o do ano promovida pelo grupo, refor\u00e7ando o compromisso com o fortalecimento institucional e a governan\u00e7a de dados nos munic\u00edpios da regi\u00e3o.<\/p>\n","protected":false},"excerpt":{"rendered":"<p>O Cons\u00f3rcio de Desenvolvimento dos Munic\u00edpios do Alto Tiet\u00ea e Regi\u00e3o (CONDEMAT+) realiza, no dia 11 de mar\u00e7o, a palestra Prote\u00e7\u00e3o de Dados na Pr\u00e1tica para o Setor P\u00fablico. O evento, organizado pela C\u00e2mara T\u00e9cnica de Gest\u00e3o P\u00fablica, acontece a partir das 9 horas no Pr\u00e9dio 2 da Prefeitura de Mogi das Cruzes. A atividade [&hellip;]<\/p>\n","protected":false},"author":1,"featured_media":29604,"comment_status":"open","ping_status":"open","sticky":false,"template":"","format":"standard","meta":{"footnotes":""},"categories":[21,2],"tags":[],"class_list":{"0":"post-29603","1":"post","2":"type-post","3":"status-publish","4":"format-standard","5":"has-post-thumbnail","7":"category-alto-tiete","8":"category-cidades"},"_links":{"self":[{"href":"https:\/\/jm-metropole.com.br\/site\/wp-json\/wp\/v2\/posts\/29603","targetHints":{"allow":["GET"]}}],"collection":[{"href":"https:\/\/jm-metropole.com.br\/site\/wp-json\/wp\/v2\/posts"}],"about":[{"href":"https:\/\/jm-metropole.com.br\/site\/wp-json\/wp\/v2\/types\/post"}],"author":[{"embeddable":true,"href":"https:\/\/jm-metropole.com.br\/site\/wp-json\/wp\/v2\/users\/1"}],"replies":[{"embeddable":true,"href":"https:\/\/jm-metropole.com.br\/site\/wp-json\/wp\/v2\/comments?post=29603"}],"version-history":[{"count":1,"href":"https:\/\/jm-metropole.com.br\/site\/wp-json\/wp\/v2\/posts\/29603\/revisions"}],"predecessor-version":[{"id":29605,"href":"https:\/\/jm-metropole.com.br\/site\/wp-json\/wp\/v2\/posts\/29603\/revisions\/29605"}],"wp:featuredmedia":[{"embeddable":true,"href":"https:\/\/jm-metropole.com.br\/site\/wp-json\/wp\/v2\/media\/29604"}],"wp:attachment":[{"href":"https:\/\/jm-metropole.com.br\/site\/wp-json\/wp\/v2\/media?parent=29603"}],"wp:term":[{"taxonomy":"category","embeddable":true,"href":"https:\/\/jm-metropole.com.br\/site\/wp-json\/wp\/v2\/categories?post=29603"},{"taxonomy":"post_tag","embeddable":true,"href":"https:\/\/jm-metropole.com.br\/site\/wp-json\/wp\/v2\/tags?post=29603"}],"curies":[{"name":"wp","href":"https:\/\/api.w.org\/{rel}","templated":true}]}}