{"id":2960,"date":"2022-09-16T15:39:02","date_gmt":"2022-09-16T18:39:02","guid":{"rendered":"https:\/\/jm-metropole.com.br\/site\/?p=2960"},"modified":"2022-09-16T15:39:02","modified_gmt":"2022-09-16T18:39:02","slug":"concerto-brasileirissimo-e-paixao-de-cristo-2022-eis-o-homem-sao-lancados-no-cinema-em-santa-isabel","status":"publish","type":"post","link":"https:\/\/jm-metropole.com.br\/site\/concerto-brasileirissimo-e-paixao-de-cristo-2022-eis-o-homem-sao-lancados-no-cinema-em-santa-isabel\/","title":{"rendered":"Concerto Brasileir\u00edssimo e paix\u00e3o de Cristo 2022 eis o homem s\u00e3o lan\u00e7ados no cinema em Santa Isabel"},"content":{"rendered":"<p>A estreia ser\u00e1 no pr\u00f3ximo s\u00e1bado (17\/09), com sess\u00e3o \u00e0s 9h para o Concerto Brasileir\u00edssimo e \u00e0s 11h para a pe\u00e7a Paix\u00e3o de Cristo 2022 Eis o Homem (Jo\u00e3o 19:5). A expectativa \u00e9 que mais de 340 pessoas prestigiem o lan\u00e7amento.<br \/>\nNo pr\u00f3ximo s\u00e1bado (17\/09), a Orquestra Municipal de Santa Isabel estrear\u00e1 o filme \u201cConcerto Brasileir\u00edssimo\u201d, \u00e0s 9h, no cinema Grupo Cine. Logo ap\u00f3s, \u00e0s 11h, ser\u00e1 a estreia da pe\u00e7a Paix\u00e3o de Cristo 2022 Eis o Homem (Jo\u00e3o 19:5). Os ingressos foram esgotados nos primeiros dias de divulga\u00e7\u00e3o e a expectativa \u00e9 que mais de 340 pessoas prestigiem o lan\u00e7amento.<\/p>\n<p>O espet\u00e1culo \u201cConcerto Brasileir\u00edssimo\u201d foi gravado na Sala S\u00e3o Paulo, em homenagem aos 10 anos de cria\u00e7\u00e3o da Orquestra, fundada em mar\u00e7o de 2012 e re\u00fane composi\u00e7\u00f5es consagradas, como Rossano Galante, Francisco Mignone, Gilberto Gagliardi, Mestre Duda, Carlos Alberto Braga, Tom Jobim, Luiz Bonf\u00e1 e Jorge Ben Jor. Ao todo 60 integrantes da banda participaram da apresenta\u00e7\u00e3o e tiveram a oportunidade de estarem no mesmo palco em que muitos artistas tamb\u00e9m estiveram.<\/p>\n<p>Projetada por Christiano Stockler das Neves, em 1925, a sede da Orquestra Sinf\u00f4nica do Estado de S\u00e3o Paulo \u00e9 uma importante casa brasileira de concertos, marcada pela sobriedade dos ornamentos e detalhes no estilo Lu\u00eds XVI. O espa\u00e7o foi tomado como patrim\u00f4nio hist\u00f3rico e inaugurado em 9 de julho de 1999, com a apresenta\u00e7\u00e3o pela Osesp, da sinfonia A Ressurei\u00e7\u00e3o, de Gustav Mahler.<\/p>\n<p>J\u00e1 a pe\u00e7a Paix\u00e3o de Cristo 2022 Eis o Homem (Jo\u00e3o 19:5) tamb\u00e9m foi um marco para a cultura de Santa Isabel. Ap\u00f3s dois anos sem exibi\u00e7\u00e3o do tradicional espet\u00e1culo, devido \u00e0 pandemia do novo coronav\u00edrus, os artistas puderam se reunir e encenar com a t\u00e9cnica teatral do p\u00fablico como parte da apresenta\u00e7\u00e3o, conhecida como quebra da 4\u00aa parede.<br \/>\nRelatando os passos de Jesus durante a Semana Santa, a pe\u00e7a traz detalhes de diversos momentos como o Monte das Oliveiras, a trai\u00e7\u00e3o e o enforcamento de Judas, a crucifica\u00e7\u00e3o, sepultamento e ressurrei\u00e7\u00e3o de Cristo. O tema Eis o Homem (Jo\u00e3o 19:05) foi escolhido para representar a volta da pe\u00e7a teatral, fazendo uma refer\u00eancia ao momento em que Jesus \u00e9 apresentado ao povo.<\/p>\n<p>Cerca de 50 pessoas participaram da 20\u00aa edi\u00e7\u00e3o da Paix\u00e3o de Cristo, que fez um remake das melhores cenas dos 20 anos de encena\u00e7\u00e3o. Para eles, o elemento mais importante da pe\u00e7a \u00e9 a execu\u00e7\u00e3o do projeto por todos que sempre participaram<\/p>\n","protected":false},"excerpt":{"rendered":"<p>A estreia ser\u00e1 no pr\u00f3ximo s\u00e1bado (17\/09), com sess\u00e3o \u00e0s 9h para o Concerto Brasileir\u00edssimo e \u00e0s 11h para a pe\u00e7a Paix\u00e3o de Cristo 2022 Eis o Homem (Jo\u00e3o 19:5). A expectativa \u00e9 que mais de 340 pessoas prestigiem o lan\u00e7amento. No pr\u00f3ximo s\u00e1bado (17\/09), a Orquestra Municipal de Santa Isabel estrear\u00e1 o filme \u201cConcerto [&hellip;]<\/p>\n","protected":false},"author":1,"featured_media":2961,"comment_status":"open","ping_status":"open","sticky":false,"template":"","format":"standard","meta":{"footnotes":""},"categories":[5],"tags":[],"class_list":{"0":"post-2960","1":"post","2":"type-post","3":"status-publish","4":"format-standard","5":"has-post-thumbnail","7":"category-santa-isabel"},"_links":{"self":[{"href":"https:\/\/jm-metropole.com.br\/site\/wp-json\/wp\/v2\/posts\/2960","targetHints":{"allow":["GET"]}}],"collection":[{"href":"https:\/\/jm-metropole.com.br\/site\/wp-json\/wp\/v2\/posts"}],"about":[{"href":"https:\/\/jm-metropole.com.br\/site\/wp-json\/wp\/v2\/types\/post"}],"author":[{"embeddable":true,"href":"https:\/\/jm-metropole.com.br\/site\/wp-json\/wp\/v2\/users\/1"}],"replies":[{"embeddable":true,"href":"https:\/\/jm-metropole.com.br\/site\/wp-json\/wp\/v2\/comments?post=2960"}],"version-history":[{"count":1,"href":"https:\/\/jm-metropole.com.br\/site\/wp-json\/wp\/v2\/posts\/2960\/revisions"}],"predecessor-version":[{"id":2962,"href":"https:\/\/jm-metropole.com.br\/site\/wp-json\/wp\/v2\/posts\/2960\/revisions\/2962"}],"wp:featuredmedia":[{"embeddable":true,"href":"https:\/\/jm-metropole.com.br\/site\/wp-json\/wp\/v2\/media\/2961"}],"wp:attachment":[{"href":"https:\/\/jm-metropole.com.br\/site\/wp-json\/wp\/v2\/media?parent=2960"}],"wp:term":[{"taxonomy":"category","embeddable":true,"href":"https:\/\/jm-metropole.com.br\/site\/wp-json\/wp\/v2\/categories?post=2960"},{"taxonomy":"post_tag","embeddable":true,"href":"https:\/\/jm-metropole.com.br\/site\/wp-json\/wp\/v2\/tags?post=2960"}],"curies":[{"name":"wp","href":"https:\/\/api.w.org\/{rel}","templated":true}]}}